{"id":416,"name":"Benedikt Blank","url":"http:\/\/www.ckd-paderborn.de","description":"Referent bei den Caritas-Konferenzen Deutschland im Erzbistum Paderborn - das Netzwerk von Ehrenamtlichen.\r\n\r\nZust\u00e4ndig f\u00fcr Bildungs-, Organisations- und \u00d6ffentlichkeitsarbeit f\u00fcr 16 000 Ehrenamtlichen, die benachteiligten Menschen im Stillen ihre Zeit widmen.","link":"https:\/\/www.care-lichtblicke.de\/index.php\/author\/benedikt-blank\/","slug":"benedikt-blank","avatar_urls":{"24":"https:\/\/secure.gravatar.com\/avatar\/617b9ee7fc707422d0ce4a0cfe54b888?s=24&d=mm&r=g","48":"https:\/\/secure.gravatar.com\/avatar\/617b9ee7fc707422d0ce4a0cfe54b888?s=48&d=mm&r=g","96":"https:\/\/secure.gravatar.com\/avatar\/617b9ee7fc707422d0ce4a0cfe54b888?s=96&d=mm&r=g"},"meta":[],"_links":{"self":[{"href":"https:\/\/www.care-lichtblicke.de\/index.php\/wp-json\/wp\/v2\/users\/416"}],"collection":[{"href":"https:\/\/www.care-lichtblicke.de\/index.php\/wp-json\/wp\/v2\/users"}]}}