{"id":639,"date":"2020-07-10T06:00:00","date_gmt":"2020-07-10T04:00:00","guid":{"rendered":"https:\/\/www.care-lichtblicke.de\/?p=639"},"modified":"2020-07-09T10:05:53","modified_gmt":"2020-07-09T08:05:53","slug":"anna-lena-passior-gemeinschaftserfahrungen-trotz-geschlossener-gemeindehaeuser","status":"publish","type":"post","link":"https:\/\/www.care-lichtblicke.de\/index.php\/2020\/07\/10\/anna-lena-passior-gemeinschaftserfahrungen-trotz-geschlossener-gemeindehaeuser\/","title":{"rendered":"Anna-Lena Passior  \u2013 Gemeinschaftserfahrungen trotz geschlossener Gemeindeh\u00e4user"},"content":{"rendered":"\n<p>Anna-Lena Passior hat in Paderborn Religionsp\u00e4dagogik studiert und arbeitet nun als pastorale Mitarbeiterin in Stade, Bremerv\u00f6rde und Hemmoor (Bistum Hildesheim). Sie besch\u00e4ftigt sich mit der Frage von innovativer Pastoral und mit dem Einbinden von Diakonie in Gemeindekontexte. Care-Arbeit besch\u00e4ftigt Sie aus feministischer Perspektive und als Arbeitnehmer*in in einem sozialen Beruf.<\/p>\n\n\n\n<p><em>In den letzten Wochen war ich vor allem besch\u00e4ftigt \u2026<\/em><\/p>\n\n\n\n<p>\u201emit der Wahrnehmung, welche unterschiedlichen Herausforderungen die Pandemie mit sich bringt und mit der Frage, wie Menschen in dieser Krise begleitet werden k\u00f6nnen. Die Pandemie hat in unserer Gemeinde den Blick auf den Sozialraum und auf die Freude und \u00c4ngste der Menschen gest\u00e4rkt. Es ist ein kreativer Raum entstanden, indem neue Formen von Begegnung und Gemeinschaft entwickelt wurden (digitales Teilen von Hoffnungstr\u00e4ger*innen, Briefe f\u00fcrs Altenheim, Spazier-Gottesdienste, Zoom-Gottesdienste, Musik im Garten vom Altenheim, Kreidenachrichten\u2026).\u201c<\/p>\n\n\n\n<p><em>Mein pers\u00f6nlicher Care-Lichtblick ist momentan \u2026<\/em><\/p>\n\n\n\n<p>\u201eein \u00e4lteres Paar, das durch einen von unserer Gemeinde organisierten Einkaufsdienst eine Frau direkt in der Nachbarschaft kennengelernt hat. Durch die Krise ist hier eine neue Beziehung entstanden und Nachbarschaftshilfe hat eine neue Bedeutung bekommen. Es haben sich ganz viele Menschen gemeldet, um z.B. durch Einkaufsdienste zu unterst\u00fctzen \u2013 auch Menschen, die nichts mit der Kirchengemeinde zu tun haben.\u201c<\/p>\n\n\n\n<p><em>Sich um andere zu sorgen, bedeutet f\u00fcr mich \u2026<\/em><\/p>\n\n\n\n<p>\u201eVerantwortung f\u00fcr die Gemeinschaft zu \u00fcbernehmen. Die Sorge f\u00fcreinander ist gesellschaftlich notwendig, jedoch nicht selbstverst\u00e4ndlich. Die Pandemie hat mir nochmal verdeutlicht, wie ungleich Care-Arbeit verteilt ist und wie unsichtbar die Sorge f\u00fcr andere teilweise ist.\u201c<\/p>\n\n\n\n<p><em>Meine Vorstellung von einer \u201eSorgenden Gemeinschaft\u201c umfasst \u2026<\/em><\/p>\n\n\n\n<p>\u201edie Wertsch\u00e4tzung von Care-Arbeit verbunden mit der Frage nach Geschlechtergerechtigkeit. Eine \u201eSorgende Gemeinschaft\u201c ben\u00f6tigt meiner Meinung nach einen Weitblick, der \u00fcber das Ich, \u00fcber die eigene kleinfamili\u00e4re Struktur hinausgeht und eine gesellschaftliche Verantwortung wahrnimmt.\u201c<\/p>\n\n\n\n<p><em>Ich werde mich weiterhin daf\u00fcr einsetzen, dass \u2026<\/em><\/p>\n\n\n\n<p>\u201ees Netzwerke gibt, an die sich Menschen in Krisen wenden k\u00f6nnen und \u00fcber die Menschen sich ehrenamtlich organisieren k\u00f6nnen. Ich w\u00fcnsche mir weiterhin eine Vielfalt von gemeinschaftlichen Erfahrungen und eine Sichtbarkeit von Sorgearbeit an all den unterschiedlichen Orten.\u201c<\/p>\n\n\n\n<p><em>Hoffentlich bleibt nach \u201eCorona\u201c \u2026<\/em><\/p>\n\n\n\n<p>\u201eder offene Blick f\u00fcr den*die Andere*n und R\u00e4ume der Unterbrechung im Alltag, in denen Zeit f\u00fcr soziales Engagement und Wahrnehmung gesellschaftlicher Verantwortung entsteht.\u201c<\/p>\n\n\n\n<p style=\"font-size:10px\">Bild\/Quelle: Anna-Lena Passior<\/p>\n","protected":false},"excerpt":{"rendered":"<p>Anna-Lena Passior hat in Paderborn Religionsp\u00e4dagogik studiert und arbeitet nun als pastorale Mitarbeiterin in Stade, Bremerv\u00f6rde und Hemmoor (Bistum Hildesheim). Sie besch\u00e4ftigt sich mit der Frage von innovativer Pastoral und mit dem Einbinden von Diakonie in Gemeindekontexte. Care-Arbeit besch\u00e4ftigt Sie aus feministischer Perspektive und als Arbeitnehmer*in in einem sozialen Beruf&#8230;.<\/p>\n","protected":false},"author":5,"featured_media":640,"comment_status":"open","ping_status":"open","sticky":false,"template":"","format":"standard","meta":[],"categories":[60],"tags":[],"_links":{"self":[{"href":"https:\/\/www.care-lichtblicke.de\/index.php\/wp-json\/wp\/v2\/posts\/639"}],"collection":[{"href":"https:\/\/www.care-lichtblicke.de\/index.php\/wp-json\/wp\/v2\/posts"}],"about":[{"href":"https:\/\/www.care-lichtblicke.de\/index.php\/wp-json\/wp\/v2\/types\/post"}],"author":[{"embeddable":true,"href":"https:\/\/www.care-lichtblicke.de\/index.php\/wp-json\/wp\/v2\/users\/5"}],"replies":[{"embeddable":true,"href":"https:\/\/www.care-lichtblicke.de\/index.php\/wp-json\/wp\/v2\/comments?post=639"}],"version-history":[{"count":1,"href":"https:\/\/www.care-lichtblicke.de\/index.php\/wp-json\/wp\/v2\/posts\/639\/revisions"}],"predecessor-version":[{"id":643,"href":"https:\/\/www.care-lichtblicke.de\/index.php\/wp-json\/wp\/v2\/posts\/639\/revisions\/643"}],"wp:featuredmedia":[{"embeddable":true,"href":"https:\/\/www.care-lichtblicke.de\/index.php\/wp-json\/wp\/v2\/media\/640"}],"wp:attachment":[{"href":"https:\/\/www.care-lichtblicke.de\/index.php\/wp-json\/wp\/v2\/media?parent=639"}],"wp:term":[{"taxonomy":"category","embeddable":true,"href":"https:\/\/www.care-lichtblicke.de\/index.php\/wp-json\/wp\/v2\/categories?post=639"},{"taxonomy":"post_tag","embeddable":true,"href":"https:\/\/www.care-lichtblicke.de\/index.php\/wp-json\/wp\/v2\/tags?post=639"}],"curies":[{"name":"wp","href":"https:\/\/api.w.org\/{rel}","templated":true}]}}