{"id":612,"date":"2020-06-23T05:34:00","date_gmt":"2020-06-23T03:34:00","guid":{"rendered":"https:\/\/www.care-lichtblicke.de\/?p=612"},"modified":"2020-06-22T20:41:16","modified_gmt":"2020-06-22T18:41:16","slug":"systemrelevant","status":"publish","type":"post","link":"https:\/\/www.care-lichtblicke.de\/index.php\/2020\/06\/23\/systemrelevant\/","title":{"rendered":"\u201eSystemrelevant\u201c?!"},"content":{"rendered":"\n<p>Unsere Bundeskanzlerin sprach davon, dass COVID-19, das Corona-Virus, eine \u201e<strong>Zumutung f\u00fcr unsere Demokratie<\/strong>\u201c sei. Ich m\u00f6chte diese Aussage noch um eine wichtige Facette erg\u00e4nzen: dieses Virus ist auch eine gro\u00dfe <strong>emotionale Trag\u00f6die<\/strong>, nicht nur wegen der (wichtigen!)&nbsp; \u201eSocial Distance-Regeln\u201c, die viele Familien &#8211; aber auch uns in unseren Caritas-Einrichtungen und -Diensten &#8211; in den letzten Wochen in gro\u00dfe Gewissenskonflikte gebracht haben.&nbsp;Sondern auch wegen der gro\u00dfen Sorge vor dem, was das Virus in den n\u00e4chsten Wochen und Monaten noch ausl\u00f6sen k\u00f6nnte, und welche Folgewirkungen dies auf unsere Gesellschaft, Arbeitswelt und Wirtschaft noch hat.<\/p>\n\n\n\n<p>In genau dieser emotionalen und seelsorglichen Notsituation hat eine <strong>pr\u00e4sente Kirche<\/strong> f\u00fcr viele Menschen und unsere Gesellschaft&nbsp;eine gro\u00dfe Bedeutung (eben systemrelevant)! Ich habe aber an vielen Stellen, auch in unterschiedlichen Berichten und Pressebeitr\u00e4gen, immer wieder die Diskussion wahrgenommen: \u201eWo ist die Kirche in der Corona-Pandemie eigentlich gewesen?\u201c.<\/p>\n\n\n\n<p>In der Berichterstattung&nbsp;war von einigen (nicht nur weltlichen) Autor_innen zu lesen, dass die Kirche <strong>SO<\/strong> nicht mehr systemrelevant ist. Und es wurde der Vorwurf formuliert, dass sie sich in ihren <strong>Elfenbeinturm<\/strong> zur\u00fcckgezogen &#8211; und damit die Chance verpasst habe &#8211; in der Corona-Krise ein wichtiger <strong>Fels in der Brandung<\/strong> zu sein. Es wird eingefordert,&nbsp;dass unsere Kirche in der Gesellschaft in einer Krise mehr Pr\u00e4senz zeigen sollte. Diese Erwartung wird aktuell auch in den Kontext mit den bereits begonnenen Diskussionen aufgrund der drohenden Kirchensteuerr\u00fcckg\u00e4nge und m\u00f6glicher Priorit\u00e4tensetzungen gestellt.<\/p>\n\n\n\n<p>Mit gro\u00dfem Interesse, aber auch sehr nachdenklich, habe ich diese Beitr\u00e4ge und die Ausf\u00fchrungen gelesen. Kirche ist f\u00fcr mich auch Caritas (diakonische Kirche) und Caritas ist Kirche. Und ich kann mit gro\u00dfer \u00dcberzeugung und Stolz signalisieren, dass unsere Caritas in Arnsberg und Sundern sehr pr\u00e4sent gewesen ist, auch und gerade in der pandemischen Krisensituation. Wir haben uns nicht nur um unsere Einrichtungen und Dienste als Caritas gek\u00fcmmert, wir waren nicht nur in der Pflege, Betreuung oder seelsorglichen Begleitung gefragt, sondern haben uns auch sehr stark in die Gesellschaft eingebracht und als Solidarit\u00e4tsstifter (zum Schutz der Risikogruppen, Werbung f\u00fcr das gegenseitige Verst\u00e4ndnis von Jung &amp; Alt etc.) immer wieder \u00f6ffentlich zu Wort gemeldet, sowie auch \u00fcber den aktuellen Stand der Entwicklung informiert. Vielen Dank deshalb auch an dieser Stelle den Kolleginnen und Kollegen im Verband und denen, die uns in der Gesellschaft dabei unterst\u00fctzt haben.<\/p>\n\n\n\n<p>Das war ein richtig <strong>starkes St\u00fcck Kirche in einer sehr schwierigen Zeit<\/strong>, die aber auch bis heute noch andauert und auch erhebliche <strong>soziale Herausforderungen<\/strong> mit sich bringen wird.<\/p>\n\n\n\n<p>Wenn es wirtschaftlich eng wird (z.B. Stichwort Kirchensteuer), dann muss man sich ggf. fokussieren. D.h. auch Priorit\u00e4ten setzen. Welche Priorit\u00e4t haben wir denn dann als Kirche?! Es gibt doch im Wesentlichen nur eine: und das ist der <strong>Mensch mit all seinen Unterschieden<\/strong>, sein Leben, seine Herausforderungen, seine Not, seine Hoffnung, sein Glaube und seine Suche&#8230;<\/p>\n\n\n\n<p><strong>Genau da geh\u00f6rt eine starke Kirche hin!<\/strong><\/p>\n\n\n\n<p style=\"font-size:10px\">Bild\/Quelle:PIRO4D \/ Pixabay<\/p>\n","protected":false},"excerpt":{"rendered":"<p>Unsere Bundeskanzlerin sprach davon, dass COVID-19, das Corona-Virus, eine \u201eZumutung f\u00fcr unsere Demokratie\u201c sei. Ich m\u00f6chte diese Aussage noch um eine wichtige Facette erg\u00e4nzen: dieses Virus ist auch eine gro\u00dfe emotionale Trag\u00f6die, nicht nur wegen der (wichtigen!)&nbsp; \u201eSocial Distance-Regeln\u201c, die viele Familien &#8211; aber auch uns in unseren Caritas-Einrichtungen und&#8230;<\/p>\n","protected":false},"author":22,"featured_media":613,"comment_status":"open","ping_status":"open","sticky":false,"template":"","format":"standard","meta":[],"categories":[6],"tags":[],"_links":{"self":[{"href":"https:\/\/www.care-lichtblicke.de\/index.php\/wp-json\/wp\/v2\/posts\/612"}],"collection":[{"href":"https:\/\/www.care-lichtblicke.de\/index.php\/wp-json\/wp\/v2\/posts"}],"about":[{"href":"https:\/\/www.care-lichtblicke.de\/index.php\/wp-json\/wp\/v2\/types\/post"}],"author":[{"embeddable":true,"href":"https:\/\/www.care-lichtblicke.de\/index.php\/wp-json\/wp\/v2\/users\/22"}],"replies":[{"embeddable":true,"href":"https:\/\/www.care-lichtblicke.de\/index.php\/wp-json\/wp\/v2\/comments?post=612"}],"version-history":[{"count":1,"href":"https:\/\/www.care-lichtblicke.de\/index.php\/wp-json\/wp\/v2\/posts\/612\/revisions"}],"predecessor-version":[{"id":615,"href":"https:\/\/www.care-lichtblicke.de\/index.php\/wp-json\/wp\/v2\/posts\/612\/revisions\/615"}],"wp:featuredmedia":[{"embeddable":true,"href":"https:\/\/www.care-lichtblicke.de\/index.php\/wp-json\/wp\/v2\/media\/613"}],"wp:attachment":[{"href":"https:\/\/www.care-lichtblicke.de\/index.php\/wp-json\/wp\/v2\/media?parent=612"}],"wp:term":[{"taxonomy":"category","embeddable":true,"href":"https:\/\/www.care-lichtblicke.de\/index.php\/wp-json\/wp\/v2\/categories?post=612"},{"taxonomy":"post_tag","embeddable":true,"href":"https:\/\/www.care-lichtblicke.de\/index.php\/wp-json\/wp\/v2\/tags?post=612"}],"curies":[{"name":"wp","href":"https:\/\/api.w.org\/{rel}","templated":true}]}}