{"id":355,"date":"2020-05-12T05:51:00","date_gmt":"2020-05-12T03:51:00","guid":{"rendered":"https:\/\/www.care-lichtblicke.de\/?p=355"},"modified":"2020-05-11T09:26:40","modified_gmt":"2020-05-11T07:26:40","slug":"ein-lob-auf-die-pflege","status":"publish","type":"post","link":"https:\/\/www.care-lichtblicke.de\/index.php\/2020\/05\/12\/ein-lob-auf-die-pflege\/","title":{"rendered":"Ein Lob auf die Pflege"},"content":{"rendered":"\n<p>Wir erinnern uns: Am Anfang der Corona-Krise standen Menschen auf Balkonen und an Fenstern, um Pflegekr\u00e4ften, \u00c4rzten und Rettungs- und Sicherheitskr\u00e4ften Beifall zu spenden. Sie zeigten in diesem Moment, dass sie den Menschen in den Krankenh\u00e4usern oder station\u00e4ren und ambulanten Pflegeeinrichtungen Dank schulden, weil ihr Einsatz ganz offensichtlich in der Krise unsch\u00e4tzbar viel wert ist. Auch der Kopfarbeiter und Philosoph Peter Sloterdijk verbeugte sich in diesen Tagen hochachtungsvoll vor den Pflegearbeitern: \u201eDie Helfer geben ihr \u00c4u\u00dferstes.\u201c Dabei w\u00e4re diese und andere Beifallsbekundung schon l\u00e4ngst n\u00f6tig gewesen: Denn viele Pflegekr\u00e4fte, vor allem Frauen, sind schon vorher bis an und \u00fcber die eigenen Grenzen der k\u00f6rperlichen und seelischen Belastung gegangen. F\u00fcr eine vergleichsweise bescheidene Bezahlung waren und sind sie rund um die Uhr pr\u00e4sent, spenden pers\u00f6nlichen Trost, sind vor Ort und verk\u00f6rpern leibhaftig f\u00fcr viele Alleinstehenden, Hilfe- und Pflegebed\u00fcrftigen Hoffnung.<\/p>\n\n\n\n<p>Am heutigen Internationalen Tag der Pflege ist festzuhalten: Professionelle Pflegearbeit in den Altenhilfeeinrichtungen oder Krankenh\u00e4usern ist unsch\u00e4tzbar viel wert. Das Bewusstsein daf\u00fcr werden B\u00fcrgerinnen und B\u00fcrger und damit die ganze Gesellschaft \u00fcber die gegenw\u00e4rtige Krise hinaus bewahren m\u00fcssen. Aber Pflege hat nicht nur Anerkennung verdient, sondern auch Anerkennung einzufordern \u2013 angesichts der bedenklichen Ausweitung von Arbeitszeiten, einer tendenziell untertariflichen Bezahlung und eines immer anspruchsvoller werdenden Pflegebedarfs und erschreckenden Personalmangels. Nicht nur von der Politik, sondern auch von der gesellschaftlichen \u00d6ffentlichkeit wurde und wird sie zum Teil str\u00e4flich im Stich gelassen. Das gilt auch und besonders f\u00fcr den Bereich und f\u00fcr die Bedeutung der ambulanten Pflege. Ihre Dienste an der Schwelle von Systemen und Lebenswelten sind und bleiben ein starkes Zeichen f\u00fcr personenbezogene N\u00e4he und lebensweltliche und system\u00fcbergreifende Verbundenheit.<\/p>\n\n\n\n<p>Pflege zuhause erfahren hat am Ende seines Lebens <em>Norbert Bl\u00fcm<\/em>. Am 23.4. ist der hoch gesch\u00e4tzte Bundesminister, Sozialpolitiker und Vater der Pflegeversicherung in Bonn im Alter von 84 Jahren verstorben. Zuletzt an Armen und Beinen gel\u00e4hmt reflektiert er bei vollem Bewusstsein \u00fcber das Gl\u00fcck, gehen oder ohne Einschr\u00e4nkungen atmen zu k\u00f6nnen. Im Zustand radikaler Pflegebed\u00fcrftigkeit wird ihm klar, was einem dies an Erkenntnis erm\u00f6gliche: dass einem selbst die Krankheit und Pflegebed\u00fcrftigkeit keine \u201eFlucht in Ausreden\u201c erlaube, sie uns vielmehr schn\u00f6rkellos zu dem f\u00fchre, \u201ewas wir sind.\u201c Zugleich erkennt er aber auch die Bedeutung, ja Dignit\u00e4t der ihn Pflegenden und ihn Versorgenden. \u201eIch verstehe bis heute nicht, warum die Pflegekr\u00e4fte sich vornehmlich als Objekt von Ausbeutung \u00f6ffentlich darstellen lassen. \u2026 Menschen zu dienen ist doch mehr wert, als Maschinen zu bedienen. Vom Wert von Berufen, die es mit Menschen zu tun haben, h\u00f6re ich wenig. Ich kenne nicht viele Berufst\u00e4tige, die von ihren \u201aKunden\u2018 so herbeigesehnt werden wie die Pflegenden von ihren Patienten. Ich jedenfalls habe es immer wie einen Lichtschein empfunden, wenn die T\u00fcr sich \u00f6ffnete und eine Schwester oder ein Pfleger ins Zimmer trat.\u201c <\/p>\n\n\n\n<p>Die Diskussion um den Wert und die Bedeutung von Pflege ist aktuell in eine breite interdisziplin\u00e4re Care-Debatte in Wissenschaft und \u00d6ffentlichkeit eingebettet, die auch dem Blog \u201eCare-Lichtblicke\u201c zugrunde liegt. Die Sorgepotenziale familialer und professioneller Hilfe und die Zukunft einer sorgenden Gesellschaft r\u00fccken dabei in den Blick und wecken den Sinn f\u00fcr lebensbedeutsame zivilgesellschaftliche Potenziale. Besonders Pflegearbeit ist f\u00fcr eine solidarische Gesellschaft unverzichtbar. Das wird immer deutlicher. Angesichts zunehmender Isolierung, Einsamkeit und gro\u00dfer Spaltungstendenzen in der Gesellschaft ist und bleibt sie sogar ein Segen. Gerade am heutigen Tag der Pflege hat sie also unser aller Lob verdient!<\/p>\n\n\n\n<p style=\"font-size:12px\">Bl\u00fcm Norbert, Was bedeutet mein Ungl\u00fcck? Im Rollstuhl f\u00e4llt der Blick auf das Leben anders aus, in: DIE ZEIT, Nr. 12 (12. M\u00e4rz 2020)<\/p>\n\n\n\n<p style=\"font-size:12px\">Sloterdijk Peter, \u201eF\u00fcr \u00dcbertreibungen ist kein Platz mehr\u201c. Interview mit Adam Soboczynski, in: DIE ZEIT, Nr. 16 (8. April 2020)<\/p>\n\n\n\n<p style=\"font-size:12px\">Ketzer Ruth, Adam-Paffrath Renate, Borutta Manfred, Selge Karola, Ambulante Pflege in der modernen Gesellschaft. Aktuelle Bestandsaufnahme und Zukunftsperspektiven, Stuttgart 2020.<\/p>\n\n\n\n<p style=\"font-size:10px\">Bild\/Quelle: Colin D \/ unsplash<\/p>\n","protected":false},"excerpt":{"rendered":"<p>Wir erinnern uns: Am Anfang der Corona-Krise standen Menschen auf Balkonen und an Fenstern, um Pflegekr\u00e4ften, \u00c4rzten und Rettungs- und Sicherheitskr\u00e4ften Beifall zu spenden. Sie zeigten in diesem Moment, dass sie den Menschen in den Krankenh\u00e4usern oder station\u00e4ren und ambulanten Pflegeeinrichtungen Dank schulden, weil ihr Einsatz ganz offensichtlich in der&#8230;<\/p>\n","protected":false},"author":6,"featured_media":429,"comment_status":"open","ping_status":"open","sticky":false,"template":"","format":"standard","meta":[],"categories":[6],"tags":[],"_links":{"self":[{"href":"https:\/\/www.care-lichtblicke.de\/index.php\/wp-json\/wp\/v2\/posts\/355"}],"collection":[{"href":"https:\/\/www.care-lichtblicke.de\/index.php\/wp-json\/wp\/v2\/posts"}],"about":[{"href":"https:\/\/www.care-lichtblicke.de\/index.php\/wp-json\/wp\/v2\/types\/post"}],"author":[{"embeddable":true,"href":"https:\/\/www.care-lichtblicke.de\/index.php\/wp-json\/wp\/v2\/users\/6"}],"replies":[{"embeddable":true,"href":"https:\/\/www.care-lichtblicke.de\/index.php\/wp-json\/wp\/v2\/comments?post=355"}],"version-history":[{"count":3,"href":"https:\/\/www.care-lichtblicke.de\/index.php\/wp-json\/wp\/v2\/posts\/355\/revisions"}],"predecessor-version":[{"id":432,"href":"https:\/\/www.care-lichtblicke.de\/index.php\/wp-json\/wp\/v2\/posts\/355\/revisions\/432"}],"wp:featuredmedia":[{"embeddable":true,"href":"https:\/\/www.care-lichtblicke.de\/index.php\/wp-json\/wp\/v2\/media\/429"}],"wp:attachment":[{"href":"https:\/\/www.care-lichtblicke.de\/index.php\/wp-json\/wp\/v2\/media?parent=355"}],"wp:term":[{"taxonomy":"category","embeddable":true,"href":"https:\/\/www.care-lichtblicke.de\/index.php\/wp-json\/wp\/v2\/categories?post=355"},{"taxonomy":"post_tag","embeddable":true,"href":"https:\/\/www.care-lichtblicke.de\/index.php\/wp-json\/wp\/v2\/tags?post=355"}],"curies":[{"name":"wp","href":"https:\/\/api.w.org\/{rel}","templated":true}]}}