{"id":332,"date":"2020-05-06T05:48:00","date_gmt":"2020-05-06T03:48:00","guid":{"rendered":"https:\/\/www.care-lichtblicke.de\/?p=332"},"modified":"2020-04-30T14:05:23","modified_gmt":"2020-04-30T12:05:23","slug":"tugend-neu-denken-gerade-jetzt","status":"publish","type":"post","link":"https:\/\/www.care-lichtblicke.de\/index.php\/2020\/05\/06\/tugend-neu-denken-gerade-jetzt\/","title":{"rendered":"Tugend neu denken \u2013 Gerade jetzt!"},"content":{"rendered":"\n<p class=\"has-text-color has-very-dark-gray-color\">Wie geht ihr mit Menschen in Eurem Alltag um &#8211; auf der Stra\u00dfe, im Laden, im B\u00fcro? Zu Corona-Zeiten stellen sich die Fragen noch dringlicher: Wie begegne ich Menschen ohne mich und sie zu gef\u00e4hrden? Welche Hilfe soll ich anbieten? Was bedeutet soziale Distanzierung f\u00fcr mich, meine Umgebung und die Gesellschaft? Tugenden helfen!<\/p>\n\n\n\n<p class=\"has-text-color has-very-dark-gray-color\">Das allt\u00e4gliche Miteinander im Kleinen, aber auch der gesellschaftliche Zusammenhalt im Gro\u00dfen wird von jedem einzelnen Menschen mitgestaltet. Jede Person hat Rechte, die sie einfordern kann &#8211; und sie hat ebenso die Pflicht, den Zusammenhalt in einer Gesellschaft zu st\u00e4rken. Gesetze oder Verordnungen k\u00f6nnen nicht alles abdecken. Sie k\u00f6nnen keine Gesellschaft gestalten, k\u00f6nnen den Umgang miteinander nicht bestimmen. Es geht um: Haltung. <\/p>\n\n\n\n<p class=\"has-text-color has-very-dark-gray-color\">Genau das beschreiben auch Tugenden. Tugenden geht es um die Haltung des Einzelnen sich und seiner Mitwelt gegen\u00fcber. Die Initiative <strong>Tugend neu denken<\/strong> stellt sieben Tugenden f\u00fcr den gesellschaftlichen Zusammenhalt vor und was sie im Alltag (von Corona)&nbsp;bedeuten. Wie wichtig sind oder was bedeutet f\u00fcr Euch: Freundlichkeit, Hilfsbereitschaft, Verantwortlichkeit, Achtsamkeit, Toleranz, Gerechtigkeit oder Nachhaltigkeit?&nbsp;Was erwartet ihr von Euren Mitmenschen und was kann ich tun, daf\u00fcr einzustehen? <\/p>\n\n\n\n<p class=\"has-text-color has-very-dark-gray-color\"><strong>Besucht uns, macht mit und sagt uns Eure Meinung auf <a href=\"http:\/\/www.tugend-neu-denken.de\">www.tugend-neu-denken.de<\/a> ! <\/strong><\/p>\n\n\n\n<p class=\"has-text-color has-very-dark-gray-color\">Tugend neu denken &#8211; jeder ist gefragt und kann einen Beitrag leisten, Menschlichkeit in unserer Gesellschaft ein Gesicht zu geben. Denn es sind kleine Dinge, die gro\u00df z\u00e4hlen. Gerade jetzt. <\/p>\n\n\n\n<p style=\"font-size:10px\">Bild\/Quelle: Caritasverband Aachen<\/p>\n","protected":false},"excerpt":{"rendered":"<p>Wie geht ihr mit Menschen in Eurem Alltag um &#8211; auf der Stra\u00dfe, im Laden, im B\u00fcro? Zu Corona-Zeiten stellen sich die Fragen noch dringlicher: Wie begegne ich Menschen ohne mich und sie zu gef\u00e4hrden? Welche Hilfe soll ich anbieten? Was bedeutet soziale Distanzierung f\u00fcr mich, meine Umgebung und die&#8230;<\/p>\n","protected":false},"author":9,"featured_media":364,"comment_status":"open","ping_status":"open","sticky":false,"template":"","format":"standard","meta":[],"categories":[8],"tags":[13,12,10],"_links":{"self":[{"href":"https:\/\/www.care-lichtblicke.de\/index.php\/wp-json\/wp\/v2\/posts\/332"}],"collection":[{"href":"https:\/\/www.care-lichtblicke.de\/index.php\/wp-json\/wp\/v2\/posts"}],"about":[{"href":"https:\/\/www.care-lichtblicke.de\/index.php\/wp-json\/wp\/v2\/types\/post"}],"author":[{"embeddable":true,"href":"https:\/\/www.care-lichtblicke.de\/index.php\/wp-json\/wp\/v2\/users\/9"}],"replies":[{"embeddable":true,"href":"https:\/\/www.care-lichtblicke.de\/index.php\/wp-json\/wp\/v2\/comments?post=332"}],"version-history":[{"count":6,"href":"https:\/\/www.care-lichtblicke.de\/index.php\/wp-json\/wp\/v2\/posts\/332\/revisions"}],"predecessor-version":[{"id":366,"href":"https:\/\/www.care-lichtblicke.de\/index.php\/wp-json\/wp\/v2\/posts\/332\/revisions\/366"}],"wp:featuredmedia":[{"embeddable":true,"href":"https:\/\/www.care-lichtblicke.de\/index.php\/wp-json\/wp\/v2\/media\/364"}],"wp:attachment":[{"href":"https:\/\/www.care-lichtblicke.de\/index.php\/wp-json\/wp\/v2\/media?parent=332"}],"wp:term":[{"taxonomy":"category","embeddable":true,"href":"https:\/\/www.care-lichtblicke.de\/index.php\/wp-json\/wp\/v2\/categories?post=332"},{"taxonomy":"post_tag","embeddable":true,"href":"https:\/\/www.care-lichtblicke.de\/index.php\/wp-json\/wp\/v2\/tags?post=332"}],"curies":[{"name":"wp","href":"https:\/\/api.w.org\/{rel}","templated":true}]}}