{"id":1759,"date":"2022-10-13T04:12:00","date_gmt":"2022-10-13T02:12:00","guid":{"rendered":"https:\/\/www.care-lichtblicke.de\/?p=1759"},"modified":"2022-10-04T13:25:25","modified_gmt":"2022-10-04T11:25:25","slug":"gemeinschaftlich-sorgen-herzliche-einladung-zur-abschlussveranstaltung-des-transferprojekts-versorgungsbruecken-am-standort-paderborn","status":"publish","type":"post","link":"https:\/\/www.care-lichtblicke.de\/index.php\/2022\/10\/13\/gemeinschaftlich-sorgen-herzliche-einladung-zur-abschlussveranstaltung-des-transferprojekts-versorgungsbruecken-am-standort-paderborn\/","title":{"rendered":"gemeinschaftlich sorgen \u2013 Herzliche Einladung zur Abschlussveranstaltung des Transferprojekts \u201eVersorgungsbr\u00fccken statt Versorgungsl\u00fccken\u201c am Standort Paderborn"},"content":{"rendered":"\n<p>Nach vierj\u00e4hriger Laufzeit wird das&nbsp;Pilotprojekt &#8220;Versorgungsbr\u00fccken statt Versorgungsl\u00fccken &#8211; Potenziale und Limitierungen einer ambulante und station\u00e4re Sektoren verbindenden Begleitung und Seelsorge&#8221;&nbsp;zum 31.12. dieses Jahres enden. Das Projektteam am Standort Paderborn blickt voller Dankbarkeit f\u00fcr die intensive und ertragreiche Zusammenarbeit mit unseren Kooperationspartner_innen auf die zahlreichen Transfererfahrungen und -gewinne zur\u00fcck.<\/p>\n\n\n\n<p>Am <strong>Montag, den 28.11.<\/strong> findet im Liborianum in Paderborn <strong>von 10 bis 13:30 Uhr<\/strong> unsere <strong>Abschlussveranstaltung<\/strong> statt, zu der wir Sie hiermit herzlich einladen.<\/p>\n\n\n\n<p>Unter der \u00dcberschrift&nbsp;<strong>\u201egemeinschaftlich sorgen. Explorationen, Experimente und Empowerment als Transferimpulse f\u00fcr Caring Communities\u201c&nbsp;<\/strong>m\u00f6chten wir dabei R\u00fcckblick halten und Ausblicke wagen \u2013 auf dass die Sorge um unterst\u00fctzungsbed\u00fcrftige Mitmenschen gemeinschaftlich (noch) besser gelingen m\u00f6ge.<\/p>\n\n\n\n<p>Eine <strong>Anmeldung ist m\u00f6glich bis zum 31.10.<\/strong> unter&nbsp;<a href=\"https:\/\/www.s-inn.net\/veranstaltungen\/gemeinschaftlich-sorgen\">https:\/\/www.s-inn.net\/veranstaltungen\/gemeinschaftlich-sorgen<\/a>. Hier finden Sie auch weitere Informationen sowie das Programm zur Veranstaltung.<\/p>\n\n\n\n<p><strong>Wir freuen uns auf Sie!<\/strong><\/p>\n\n\n\n<p style=\"font-size:10px\">Bild\/Qelle: Pilotprojekt &#8220;Versorgungsbr\u00fccken statt Versorgungsl\u00fccken&#8221;<\/p>\n","protected":false},"excerpt":{"rendered":"<p>Nach vierj\u00e4hriger Laufzeit wird das&nbsp;Pilotprojekt &#8220;Versorgungsbr\u00fccken statt Versorgungsl\u00fccken &#8211; Potenziale und Limitierungen einer ambulante und station\u00e4re Sektoren verbindenden Begleitung und Seelsorge&#8221;&nbsp;zum 31.12. dieses Jahres enden. Das Projektteam am Standort Paderborn blickt voller Dankbarkeit f\u00fcr die intensive und ertragreiche Zusammenarbeit mit unseren Kooperationspartner_innen auf die zahlreichen Transfererfahrungen und -gewinne zur\u00fcck. Am&#8230;<\/p>\n","protected":false},"author":32,"featured_media":1763,"comment_status":"open","ping_status":"open","sticky":false,"template":"","format":"standard","meta":[],"categories":[8],"tags":[],"_links":{"self":[{"href":"https:\/\/www.care-lichtblicke.de\/index.php\/wp-json\/wp\/v2\/posts\/1759"}],"collection":[{"href":"https:\/\/www.care-lichtblicke.de\/index.php\/wp-json\/wp\/v2\/posts"}],"about":[{"href":"https:\/\/www.care-lichtblicke.de\/index.php\/wp-json\/wp\/v2\/types\/post"}],"author":[{"embeddable":true,"href":"https:\/\/www.care-lichtblicke.de\/index.php\/wp-json\/wp\/v2\/users\/32"}],"replies":[{"embeddable":true,"href":"https:\/\/www.care-lichtblicke.de\/index.php\/wp-json\/wp\/v2\/comments?post=1759"}],"version-history":[{"count":6,"href":"https:\/\/www.care-lichtblicke.de\/index.php\/wp-json\/wp\/v2\/posts\/1759\/revisions"}],"predecessor-version":[{"id":1772,"href":"https:\/\/www.care-lichtblicke.de\/index.php\/wp-json\/wp\/v2\/posts\/1759\/revisions\/1772"}],"wp:featuredmedia":[{"embeddable":true,"href":"https:\/\/www.care-lichtblicke.de\/index.php\/wp-json\/wp\/v2\/media\/1763"}],"wp:attachment":[{"href":"https:\/\/www.care-lichtblicke.de\/index.php\/wp-json\/wp\/v2\/media?parent=1759"}],"wp:term":[{"taxonomy":"category","embeddable":true,"href":"https:\/\/www.care-lichtblicke.de\/index.php\/wp-json\/wp\/v2\/categories?post=1759"},{"taxonomy":"post_tag","embeddable":true,"href":"https:\/\/www.care-lichtblicke.de\/index.php\/wp-json\/wp\/v2\/tags?post=1759"}],"curies":[{"name":"wp","href":"https:\/\/api.w.org\/{rel}","templated":true}]}}