{"id":1716,"date":"2022-08-11T13:39:16","date_gmt":"2022-08-11T11:39:16","guid":{"rendered":"https:\/\/www.care-lichtblicke.de\/?p=1716"},"modified":"2022-08-11T13:39:17","modified_gmt":"2022-08-11T11:39:17","slug":"herzliche-einladung-zur-abendveranstaltung-sorge-um-die-sorgenden","status":"publish","type":"post","link":"https:\/\/www.care-lichtblicke.de\/index.php\/2022\/08\/11\/herzliche-einladung-zur-abendveranstaltung-sorge-um-die-sorgenden\/","title":{"rendered":"Herzliche Einladung zur Abendveranstaltung &#8220;Sorge um die Sorgenden&#8221;"},"content":{"rendered":"\n<p class=\"has-black-color has-text-color\">Liebe Sorgende, liebe Studierende, liebe Kolleg:innen, liebe Interessierte,<\/p>\n\n\n\n<p class=\"has-black-color has-text-color\">hiermit laden wir Sie herzlich zur <strong>Abendveranstaltung (Vortrag und Gespr\u00e4ch) \u201eSorge um die Sorgenden: Was Pflege- und Sozialberufe jetzt und k\u00fcnftig brauchen\u201c<\/strong> ein!<\/p>\n\n\n\n<p class=\"has-black-color has-text-color\"><strong>Wann:<\/strong> 15.09.2022, 18:30 Uhr \u2013 21:30 Uhr<\/p>\n\n\n\n<p class=\"has-black-color has-text-color\"><strong>Wo:<\/strong> katho Aachen, Aula &nbsp;&nbsp;<\/p>\n\n\n\n<p class=\"has-black-color has-text-color\"><strong>Anmeldung:<\/strong> per Mail: eva.hilgers@mail.katho-nrw.de bis zum 01.09.2022<\/p>\n\n\n\n<p class=\"has-black-color has-text-color\"><strong>Thema:<\/strong> Bereits vor und besonders w\u00e4hrend der Covid-19-Pandemie war die psychisch-seelische und physische Belastung f\u00fcr Pflegekr\u00e4fte und Sozialprofessionelle allgegenw\u00e4rtig. Dieser Zustand ist massiv gestiegen. Manchmal \u00fcbersteigen die Anforderungen die Kr\u00e4fte der Einzelnen, was in pers\u00f6nlichen Erfahrungen von Care-T\u00e4tigen sowie wissenschaftlichen Studien best\u00e4tigt wird. Mehr und mehr r\u00fccken die Bed\u00fcrfnisse und Ressourcen der professionell Sorgenden selbst als Voraussetzung in den Mittelpunkt. Dazu geh\u00f6ren m\u00f6glicherweise auch ihre spirituellen Fragen.<\/p>\n\n\n\n<p class=\"has-black-color has-text-color\">Sorge um die Sorgenden ist ein Herzst\u00fcck der Care-Arbeit. Dies ist eine Erkenntnis des mehrj\u00e4hrigen Transferprojekts \u201ewww.versorgungsbruecken.de\u201c in Aachen. Die Stimme der Pflegenden und Sozialprofessionellen ist zu h\u00f6ren: Was brauchen Sie, \u00fcber die monet\u00e4re Wertsch\u00e4tzung hinaus \u2013 um motiviert, erf\u00fcllt und gesund arbeiten zu k\u00f6nnen? Dies wird Thema des Vortrags und der anschlie\u00dfenden Diskussionsrunde sein.<\/p>\n\n\n\n<p class=\"has-black-color has-text-color\">Weitere Informationen finden Sie im unter: <a href=\"https:\/\/www.s-inn.net\/veranstaltungen\/sorge-um-die-sorgenden-was-pflege-und-sozialberufe-jetzt-und-kuenftig-brauchen\">https:\/\/www.s-inn.net\/veranstaltungen\/sorge-um-die-sorgenden-was-pflege-und-sozialberufe-jetzt-und-kuenftig-brauchen<\/a><\/p>\n\n\n\n<p class=\"has-black-color has-text-color\">Mit freundlichen Gr\u00fc\u00dfen<\/p>\n\n\n\n<p class=\"has-black-color has-text-color\">Prof. Dr. Rainer Krockauer, katho<\/p>\n\n\n\n<p class=\"has-black-color has-text-color\">Johannes Mertens, katho<\/p>\n\n\n\n<p class=\"has-black-color has-text-color\">Prof. Dr. Andreas Wittrahm, DiCV<\/p>\n\n\n\n<p class=\"has-black-color has-text-color\">Fattaneh Afkhami, DiCV<\/p>\n","protected":false},"excerpt":{"rendered":"<p>Liebe Sorgende, liebe Studierende, liebe Kolleg:innen, liebe Interessierte, hiermit laden wir Sie herzlich zur Abendveranstaltung (Vortrag und Gespr\u00e4ch) \u201eSorge um die Sorgenden: Was Pflege- und Sozialberufe jetzt und k\u00fcnftig brauchen\u201c ein! Wann: 15.09.2022, 18:30 Uhr \u2013 21:30 Uhr Wo: katho Aachen, Aula &nbsp;&nbsp; Anmeldung: per Mail: eva.hilgers@mail.katho-nrw.de bis zum 01.09.2022&#8230;<\/p>\n","protected":false},"author":4,"featured_media":1717,"comment_status":"open","ping_status":"open","sticky":false,"template":"","format":"standard","meta":[],"categories":[8],"tags":[],"_links":{"self":[{"href":"https:\/\/www.care-lichtblicke.de\/index.php\/wp-json\/wp\/v2\/posts\/1716"}],"collection":[{"href":"https:\/\/www.care-lichtblicke.de\/index.php\/wp-json\/wp\/v2\/posts"}],"about":[{"href":"https:\/\/www.care-lichtblicke.de\/index.php\/wp-json\/wp\/v2\/types\/post"}],"author":[{"embeddable":true,"href":"https:\/\/www.care-lichtblicke.de\/index.php\/wp-json\/wp\/v2\/users\/4"}],"replies":[{"embeddable":true,"href":"https:\/\/www.care-lichtblicke.de\/index.php\/wp-json\/wp\/v2\/comments?post=1716"}],"version-history":[{"count":1,"href":"https:\/\/www.care-lichtblicke.de\/index.php\/wp-json\/wp\/v2\/posts\/1716\/revisions"}],"predecessor-version":[{"id":1718,"href":"https:\/\/www.care-lichtblicke.de\/index.php\/wp-json\/wp\/v2\/posts\/1716\/revisions\/1718"}],"wp:featuredmedia":[{"embeddable":true,"href":"https:\/\/www.care-lichtblicke.de\/index.php\/wp-json\/wp\/v2\/media\/1717"}],"wp:attachment":[{"href":"https:\/\/www.care-lichtblicke.de\/index.php\/wp-json\/wp\/v2\/media?parent=1716"}],"wp:term":[{"taxonomy":"category","embeddable":true,"href":"https:\/\/www.care-lichtblicke.de\/index.php\/wp-json\/wp\/v2\/categories?post=1716"},{"taxonomy":"post_tag","embeddable":true,"href":"https:\/\/www.care-lichtblicke.de\/index.php\/wp-json\/wp\/v2\/tags?post=1716"}],"curies":[{"name":"wp","href":"https:\/\/api.w.org\/{rel}","templated":true}]}}