{"id":1666,"date":"2022-05-09T12:59:36","date_gmt":"2022-05-09T10:59:36","guid":{"rendered":"https:\/\/www.care-lichtblicke.de\/?p=1666"},"modified":"2022-05-09T12:59:38","modified_gmt":"2022-05-09T10:59:38","slug":"caring-communities-miteinander-statt-nebeneinander","status":"publish","type":"post","link":"https:\/\/www.care-lichtblicke.de\/index.php\/2022\/05\/09\/caring-communities-miteinander-statt-nebeneinander\/","title":{"rendered":"<strong>Caring Communities: Miteinander statt nebeneinander!<\/strong>"},"content":{"rendered":"\n<p>Als ich vor einigen Monaten den Auftrag bekam, mich mit dem Thema \u201eCaring Communities\u201c zu besch\u00e4ftigen, konnte ich mir eher wenig darunter vorstellen. Auch die \u00dcbersetzung in \u201eSorgende Gemeinschaften\u201c half mir zun\u00e4chst nicht wirklich weiter.<\/p>\n\n\n\n<p>Viele Artikel, Literatur- und Internetrecherchen sp\u00e4ter habe ich die Caring Communities als spannendes Konzept kennengelernt. Sp\u00e4testens seit der Coronapandemie haben viele Menschen gesp\u00fcrt, wie wichtig soziale Kontakte sind. Doch diese fehlen oft, vor allem im Alter.<\/p>\n\n\n\n<p>Unsere Gesellschaft wird immer mobiler; Menschen ziehen oft um, durchlaufen verschiedene Arbeitsstellen an unterschiedlichen Orten. Familienstrukturen brechen auf und f\u00fcgen sich neu zusammen. Das alles f\u00fchrt h\u00e4ufig dazu, dass die Familie nicht mehr automatisch als nat\u00fcrliche (Pflege-)Ressource bereitsteht. Nur noch selten leben mehrere Generationen einer Familie im selben Ort oder sogar im selben Haus, wie es fr\u00fcher \u00fcblich war.<\/p>\n\n\n\n<p>Einsamkeit im Alter ist ein weit verbreitetes Ph\u00e4nomen und nur eines der Probleme, die durch Caring Communities \u201eangegangen\u201c werden k\u00f6nnen. In einer \u201eSorgenden Gemeinschaft\u201c stehen die Sorge umeinander und das Achten aufeinander im Fokus: Wie nehmen wir die Menschen in unserer Nachbarschaft wahr? Was wissen wir voneinander? Bereits ein kurzer Besuch kann f\u00fcr einen einsamen Menschen ein wichtiger, wirklicher Lichtblick sein.<\/p>\n\n\n\n<p>Das Ziel von Caring Communities ist es, dass Menschen nicht nebeneinander her, sondern miteinander leben. Dazu gibt es bereits diverse Projekte. Diese haben ganz unterschiedliche Zielgruppen im Blick. Doch es geht immer darum, Gemeinschaft entstehen und wachsen zu lassen, die f\u00fcreinander Sorge tr\u00e4gt.<\/p>\n\n\n\n<p>Oft sind es bereits Kleinigkeiten, die unseren Mitmenschen viel bedeuten. Durch Caring Communities soll ein anonymes \u201eNebeneinanderher-Leben\u201c vermieden werden. Mit offenen Augen f\u00fcr die Sorgen und N\u00f6te unserer Mitmenschen durch die Welt zu gehen, kann schon helfen zu sehen, wo jemand vielleicht Kontakt, Zuspruch, ein Gespr\u00e4ch ben\u00f6tigt.<\/p>\n\n\n\n<p>Wir alle k\u00f6nnen etwas tun &#8211; und davon auch profitieren: Denn Freude und Gemeinschaft zu schenken ist zum Gl\u00fcck keine Einbahnstra\u00dfe.<\/p>\n\n\n\n<p style=\"font-size:10px\">Bild\/Quelle: <a href=\"https:\/\/unsplash.com\/photos\/Zyx1bK9mqmA\">Hana Busing<\/a> on <a href=\"https:\/\/unsplash.com\/\" data-type=\"URL\" data-id=\"https:\/\/unsplash.com\/\">Unspalsh<\/a><\/p>\n","protected":false},"excerpt":{"rendered":"<p>Als ich vor einigen Monaten den Auftrag bekam, mich mit dem Thema \u201eCaring Communities\u201c zu besch\u00e4ftigen, konnte ich mir eher wenig darunter vorstellen. Auch die \u00dcbersetzung in \u201eSorgende Gemeinschaften\u201c half mir zun\u00e4chst nicht wirklich weiter. Viele Artikel, Literatur- und Internetrecherchen sp\u00e4ter habe ich die Caring Communities als spannendes Konzept kennengelernt&#8230;.<\/p>\n","protected":false},"author":432,"featured_media":1667,"comment_status":"open","ping_status":"open","sticky":false,"template":"","format":"standard","meta":[],"categories":[6],"tags":[],"_links":{"self":[{"href":"https:\/\/www.care-lichtblicke.de\/index.php\/wp-json\/wp\/v2\/posts\/1666"}],"collection":[{"href":"https:\/\/www.care-lichtblicke.de\/index.php\/wp-json\/wp\/v2\/posts"}],"about":[{"href":"https:\/\/www.care-lichtblicke.de\/index.php\/wp-json\/wp\/v2\/types\/post"}],"author":[{"embeddable":true,"href":"https:\/\/www.care-lichtblicke.de\/index.php\/wp-json\/wp\/v2\/users\/432"}],"replies":[{"embeddable":true,"href":"https:\/\/www.care-lichtblicke.de\/index.php\/wp-json\/wp\/v2\/comments?post=1666"}],"version-history":[{"count":1,"href":"https:\/\/www.care-lichtblicke.de\/index.php\/wp-json\/wp\/v2\/posts\/1666\/revisions"}],"predecessor-version":[{"id":1668,"href":"https:\/\/www.care-lichtblicke.de\/index.php\/wp-json\/wp\/v2\/posts\/1666\/revisions\/1668"}],"wp:featuredmedia":[{"embeddable":true,"href":"https:\/\/www.care-lichtblicke.de\/index.php\/wp-json\/wp\/v2\/media\/1667"}],"wp:attachment":[{"href":"https:\/\/www.care-lichtblicke.de\/index.php\/wp-json\/wp\/v2\/media?parent=1666"}],"wp:term":[{"taxonomy":"category","embeddable":true,"href":"https:\/\/www.care-lichtblicke.de\/index.php\/wp-json\/wp\/v2\/categories?post=1666"},{"taxonomy":"post_tag","embeddable":true,"href":"https:\/\/www.care-lichtblicke.de\/index.php\/wp-json\/wp\/v2\/tags?post=1666"}],"curies":[{"name":"wp","href":"https:\/\/api.w.org\/{rel}","templated":true}]}}