{"id":1631,"date":"2022-04-20T14:46:46","date_gmt":"2022-04-20T12:46:46","guid":{"rendered":"https:\/\/www.care-lichtblicke.de\/?p=1631"},"modified":"2022-04-20T14:57:54","modified_gmt":"2022-04-20T12:57:54","slug":"114-aachener-hospizgespraech-am-18-02-2022-soziale-arbeit-und-palliative-care","status":"publish","type":"post","link":"https:\/\/www.care-lichtblicke.de\/index.php\/2022\/04\/20\/114-aachener-hospizgespraech-am-18-02-2022-soziale-arbeit-und-palliative-care\/","title":{"rendered":"114. Aachener Hospizgespr\u00e4ch am 18.02.2022 \u201eSoziale Arbeit und Palliative Care\u201c"},"content":{"rendered":"\n<p>Zum zweiten Mal fand nach 2015 im Februar diesen Jahres in der Kooperation zwischen der Katholischen Hochschule NRW (Abteilung Aachen) und der Servicestelle Hospiz ein Aachener Hospizgespr\u00e4ch zum Themenfeld \u201eSoziale Arbeit im Kontext hospizlich-palliativer Sorgekultur\u201c, statt.<\/p>\n\n\n\n<p>Ausdr\u00fccklich eingeladen waren alle an der Versorgung beteiligten Berufsgruppen sowie ehrenamtliche Begleiter\/innen. Mit 100 Teilnehmenden hatte diese digitale Veranstaltung eine gro\u00dfe Resonanz weit \u00fcber Aachen hinaus. Technisch unterst\u00fctzt wurde diese digitale Fachtagung durch das Transfernetzwerk NRW, das den reibungslosen Ablauf f\u00fcr alle Beteiligten sichergestellte.&nbsp;<\/p>\n\n\n\n<p>Die Frage nach der Identit\u00e4t der Sozialen Arbeit im Kontext gemeinsamer palliativer Sorge stand im Mittelpunkt. Dazu braucht es den interdisziplin\u00e4ren Austausch mit Pflege, Seelsorge, Medizin, Psychologie, Ehrenamt und allen anderen Berufsgruppen, die an der Versorgung beteiligt sind.<\/p>\n\n\n\n<p>Am Vormittag fanden \u201eDialogische Impulse\u201c zu verschiedenen Grundsatzfragen zum Themenfeld sowie Statements und interaktive Diskussionen im Plenum statt. Nachmittags wurde in 5 parallelen Workshops Soziale Arbeit im Kontext von palliativer-hospizlicher Kultur und von multiprofessioneller Zusammenarbeit im konkreten Berufsalltag vorgestellt und gemeinsam betrachtet.<\/p>\n\n\n\n<p>Neben Prof. Dr. Rainer Krockauer (Theologie) haben u. a. Prof. Dr. Manfred Borutta, (Pflegewissenschaft; beide KatHO NRW, Abt. Aachen), Prof. Dr. Christian Sch\u00fctte-B\u00e4umner (Hochschule RheinMain &#8211; Fachbereich Sozialwesen), Dipl. Soz.-P\u00e4d. Susanne Kiepke-Ziemes (Caritasverband f\u00fcr die Region Kempen-Viersen e. V.; Sprecherin der Sektion Soziale Arbeit (DGP)) aktiv das Programm mitgestaltet.<\/p>\n\n\n\n<p>Eine qualitativ hochwertige und w\u00fcrdige Begleitung, Beratung und Versorgung von schwerkranken Menschen und ihren Zugeh\u00f6rigen am Ende des Lebens setzt eine sektoren\u00fcbergreifende und multiprofessionelle gemeinsame Sorge bis zum Schluss voraus.<\/p>\n\n\n\n<p>Eine zentrale Frage war dabei: Welche Fachlichkeit sowie welche Kompetenzen bringt die Soziale Arbeit vor diesem Hintergrund ein? Folgende These wurde von vielen Referent*innen und Teilnehmenden geteilt:<\/p>\n\n\n\n<p>Die Soziale Arbeit vermittelt in einer ihrer Kernkompetenz eine unbedingte und radikale Betroffenenorientierung. Das hei\u00dft: Nicht was in der eigenen Fachdisziplin angesagt ist, gilt in erster Linie und wird den Betroffenen zugetragen, sondern was die betroffenen Personen f\u00fcr ihre Lebensf\u00fchrung fragen und suchen, definiert die Arbeitsb\u00fcndnisse. Interdisziplin\u00e4re Kooperationsf\u00e4higkeit und interprofessionelle Kompetenz sind wesentliche Aspekte des ureigenen Profils Sozialer Arbeit. Es ist wichtig, auch in Zukunft den Blick darauf zu richten, welche Rolle Soziale Arbeit in der Begleitung, Beratung und Betreuung schwerkranker Menschen und ihrem sozialen Netz spielt und wie die Interprofessionalit\u00e4t auf Augenh\u00f6he mit Medizin, Pflege und Seelsorge in Zukunft weiter erforscht und betrachtet werden kann. Ein n\u00e4chster Fachtag mit diesem inhaltlichen Schwerpunkt ist f\u00fcr 2024 bereits in Planung. &nbsp;<\/p>\n\n\n\n<p>Veronika Sch\u00f6nhofer-Nellessen\/ Prof. Dr. Rainer Krockauer\/ Johannes Mertens<\/p>\n\n\n\n<p>Projekt Versorgungsbr\u00fccken statt Versorgungsl\u00fccken: <a href=\"https:\/\/www.s-inn.net\/pilotprojekte\/versorgungsbruecken\">https:\/\/www.s-inn.net\/pilotprojekte\/versorgungsbruecken<\/a><\/p>\n\n\n\n<p>Servicestelle Hospiz: https:\/\/www.servicestellehospizarbeit.de\/aachener-hospizgespraeche\/ueberblick-2022\/<\/p>\n","protected":false},"excerpt":{"rendered":"<p>Zum zweiten Mal fand nach 2015 im Februar diesen Jahres in der Kooperation zwischen der Katholischen Hochschule NRW (Abteilung Aachen) und der Servicestelle Hospiz ein Aachener Hospizgespr\u00e4ch zum Themenfeld \u201eSoziale Arbeit im Kontext hospizlich-palliativer Sorgekultur\u201c, statt. Ausdr\u00fccklich eingeladen waren alle an der Versorgung beteiligten Berufsgruppen sowie ehrenamtliche Begleiter\/innen. Mit 100&#8230;<\/p>\n","protected":false},"author":4,"featured_media":1636,"comment_status":"open","ping_status":"open","sticky":false,"template":"","format":"standard","meta":[],"categories":[8],"tags":[],"_links":{"self":[{"href":"https:\/\/www.care-lichtblicke.de\/index.php\/wp-json\/wp\/v2\/posts\/1631"}],"collection":[{"href":"https:\/\/www.care-lichtblicke.de\/index.php\/wp-json\/wp\/v2\/posts"}],"about":[{"href":"https:\/\/www.care-lichtblicke.de\/index.php\/wp-json\/wp\/v2\/types\/post"}],"author":[{"embeddable":true,"href":"https:\/\/www.care-lichtblicke.de\/index.php\/wp-json\/wp\/v2\/users\/4"}],"replies":[{"embeddable":true,"href":"https:\/\/www.care-lichtblicke.de\/index.php\/wp-json\/wp\/v2\/comments?post=1631"}],"version-history":[{"count":1,"href":"https:\/\/www.care-lichtblicke.de\/index.php\/wp-json\/wp\/v2\/posts\/1631\/revisions"}],"predecessor-version":[{"id":1633,"href":"https:\/\/www.care-lichtblicke.de\/index.php\/wp-json\/wp\/v2\/posts\/1631\/revisions\/1633"}],"wp:featuredmedia":[{"embeddable":true,"href":"https:\/\/www.care-lichtblicke.de\/index.php\/wp-json\/wp\/v2\/media\/1636"}],"wp:attachment":[{"href":"https:\/\/www.care-lichtblicke.de\/index.php\/wp-json\/wp\/v2\/media?parent=1631"}],"wp:term":[{"taxonomy":"category","embeddable":true,"href":"https:\/\/www.care-lichtblicke.de\/index.php\/wp-json\/wp\/v2\/categories?post=1631"},{"taxonomy":"post_tag","embeddable":true,"href":"https:\/\/www.care-lichtblicke.de\/index.php\/wp-json\/wp\/v2\/tags?post=1631"}],"curies":[{"name":"wp","href":"https:\/\/api.w.org\/{rel}","templated":true}]}}