{"id":1414,"date":"2021-08-19T05:17:00","date_gmt":"2021-08-19T03:17:00","guid":{"rendered":"https:\/\/www.care-lichtblicke.de\/?p=1414"},"modified":"2021-08-19T06:36:46","modified_gmt":"2021-08-19T04:36:46","slug":"anne-kathrin-h-ist-nicht-nur-als-lehrerin-fuer-ihre-schueler_innen-da","status":"publish","type":"post","link":"https:\/\/www.care-lichtblicke.de\/index.php\/2021\/08\/19\/anne-kathrin-h-ist-nicht-nur-als-lehrerin-fuer-ihre-schueler_innen-da\/","title":{"rendered":"Anne-Kathrin H. &#8211; ist (nicht nur) als Lehrerin f\u00fcr ihre Sch\u00fcler_innen da"},"content":{"rendered":"\n<p>Anne-Kathrin H. ist Lehrerin an einem Berufskolleg und unterrichtet die F\u00e4cher Sozialp\u00e4dagogik und Evangelische Religionslehre. Zu Beginn des neuen Schuljahres in NRW berichtet sie im Rahmen eines &#8220;Care Portraits&#8221; von ihren Ansichten und Erfahrungen.<\/p>\n\n\n\n<div style=\"height:25px\" aria-hidden=\"true\" class=\"wp-block-spacer\"><\/div>\n\n\n\n<p><strong><em>In den letzten Wochen war ich vor allem damit besch\u00e4ftigt\u2026<\/em><\/strong><\/p>\n\n\n\n<p>mich vom anstrengenden letzten Schuljahr zu erholen. Die Zeit seit Beginn der Pandemie hat alle Beteiligte enorm viel Kraft gekostet. Nicht zu wissen, unter welchen Umst\u00e4nden es wann, wie und mit wem im Unterricht weitergeht, die Sorge vor einer eigenen oder einer Ansteckung anderer in der Schule und auch das Erfahren darum, wie belastend die Situation f\u00fcr viele meiner Sch\u00fcler_innen und Kolleg_innen war, habe ich als sehr herausfordernd empfunden. Gleichzeitig war der Online-Unterricht eine spannende und bereichernde Erfahrung und ich konnte in diesem Bereich meine Kompetenzen weiterentwickeln<strong><em>.<\/em><\/strong><\/p>\n\n\n\n<p><strong><em>Mein pers\u00f6nlicher Care-Lichtblick ist momentan&#8230;<\/em><\/strong><\/p>\n\n\n\n<p>die Hoffnung, dass mein Sohn in den kommenden Monaten aufgrund seines jungen Alters wenn, dann allenfalls nur leicht an Corona erkranken und hoffentlich keine Sp\u00e4tfolgen entwickeln wird. In der Schule freue ich mich zu Beginn des neuen Schuljahres auf die neuen und \u201ealten\u201c, lieb gewonnenen Sch\u00fcler_innen und Kolleg_innen und &#8211; hoffentlich &#8211; durch den Impffortschritt zunehmend mehr &#8220;Normalit\u00e4t&#8221;.<\/p>\n\n\n\n<p><strong><em>Sich um andere zu sorgen, bedeutet f\u00fcr mich, \u2026<\/em><\/strong><\/p>\n\n\n\n<p>mich ein St\u00fcck weit auf die andere Person mit Ihren Bed\u00fcrfnissen und Gef\u00fchlen einzulassen. Konkret auf meine berufliche T\u00e4tigkeit bezogen bedeutet das, nicht nur als Lehr-, sondern auch als Bezugs- und Vertrauensperson f\u00fcr die Belange meiner Sch\u00fcler_innen offen und da zu sein &#8211; nicht erst, aber ganz besonders seit der Pandemie.<\/p>\n\n\n\n<p><strong><em>Meine Vorstellung von einer \u201eSorgenden Gemeinschaft\u201c umfasst\u2026<\/em><\/strong><\/p>\n\n\n\n<p>konkrete Ma\u00dfnahmen, die dazu f\u00fchren, dass vermeintlich &#8220;schw\u00e4chere&#8221; Mitglieder der Gemeinschaft in unserer Mitte sind, anstatt am Rand, und in diesem Sinne niemand ausgegrenzt und\/oder vergessen wird.<\/p>\n\n\n\n<p><strong><em>Ich werde mich weiterhin daf\u00fcr einsetzen, dass\u2026<\/em><\/strong><\/p>\n\n\n\n<p>sich meine Sch\u00fcler_innen angenommen und unterst\u00fctzt f\u00fchlen, dass ihre Meinungen, Bed\u00fcrfnisse und W\u00fcnsche geh\u00f6rt und geachtet werden und dass sie nicht nur auf ihren individuellen Lern-, sondern auch Lebenswegen m\u00f6chlichst gut begleitet werden.<\/p>\n\n\n\n<p><strong><em>Hoffentlich bleibt nach \u201eCorona\u201c\u2026<\/em><\/strong><\/p>\n\n\n\n<p>das Bewusstsein daf\u00fcr, dass man ein wichtiges Ziel gemeinsam erreichen kann.<\/p>\n\n\n\n<p style=\"font-size:10px\">Bild\/Quelle: <a href=\"https:\/\/unsplash.com\/photos\/OJcEMZHoY80\" data-type=\"URL\" data-id=\"https:\/\/unsplash.com\/photos\/OJcEMZHoY80\" target=\"_blank\" rel=\"noreferrer noopener\">Nicole Baster<\/a> on <a href=\"https:\/\/unsplash.com\/\" data-type=\"URL\" data-id=\"https:\/\/unsplash.com\/\" target=\"_blank\" rel=\"noreferrer noopener\">Unsplash<\/a><\/p>\n","protected":false},"excerpt":{"rendered":"<p>Anne-Kathrin H. ist Lehrerin an einem Berufskolleg und unterrichtet die F\u00e4cher Sozialp\u00e4dagogik und Evangelische Religionslehre. Zu Beginn des neuen Schuljahres in NRW berichtet sie im Rahmen eines &#8220;Care Portraits&#8221; von ihren Ansichten und Erfahrungen. In den letzten Wochen war ich vor allem damit besch\u00e4ftigt\u2026 mich vom anstrengenden letzten Schuljahr zu&#8230;<\/p>\n","protected":false},"author":5,"featured_media":1415,"comment_status":"open","ping_status":"open","sticky":false,"template":"","format":"standard","meta":[],"categories":[60],"tags":[],"_links":{"self":[{"href":"https:\/\/www.care-lichtblicke.de\/index.php\/wp-json\/wp\/v2\/posts\/1414"}],"collection":[{"href":"https:\/\/www.care-lichtblicke.de\/index.php\/wp-json\/wp\/v2\/posts"}],"about":[{"href":"https:\/\/www.care-lichtblicke.de\/index.php\/wp-json\/wp\/v2\/types\/post"}],"author":[{"embeddable":true,"href":"https:\/\/www.care-lichtblicke.de\/index.php\/wp-json\/wp\/v2\/users\/5"}],"replies":[{"embeddable":true,"href":"https:\/\/www.care-lichtblicke.de\/index.php\/wp-json\/wp\/v2\/comments?post=1414"}],"version-history":[{"count":4,"href":"https:\/\/www.care-lichtblicke.de\/index.php\/wp-json\/wp\/v2\/posts\/1414\/revisions"}],"predecessor-version":[{"id":1424,"href":"https:\/\/www.care-lichtblicke.de\/index.php\/wp-json\/wp\/v2\/posts\/1414\/revisions\/1424"}],"wp:featuredmedia":[{"embeddable":true,"href":"https:\/\/www.care-lichtblicke.de\/index.php\/wp-json\/wp\/v2\/media\/1415"}],"wp:attachment":[{"href":"https:\/\/www.care-lichtblicke.de\/index.php\/wp-json\/wp\/v2\/media?parent=1414"}],"wp:term":[{"taxonomy":"category","embeddable":true,"href":"https:\/\/www.care-lichtblicke.de\/index.php\/wp-json\/wp\/v2\/categories?post=1414"},{"taxonomy":"post_tag","embeddable":true,"href":"https:\/\/www.care-lichtblicke.de\/index.php\/wp-json\/wp\/v2\/tags?post=1414"}],"curies":[{"name":"wp","href":"https:\/\/api.w.org\/{rel}","templated":true}]}}