{"id":1353,"date":"2021-06-25T05:27:00","date_gmt":"2021-06-25T03:27:00","guid":{"rendered":"https:\/\/www.care-lichtblicke.de\/?p=1353"},"modified":"2021-06-22T10:32:48","modified_gmt":"2021-06-22T08:32:48","slug":"brueckenschlaege-nach-langer-zeit-ein-laengst-ueberfaelliges-wiedersehen","status":"publish","type":"post","link":"https:\/\/www.care-lichtblicke.de\/index.php\/2021\/06\/25\/brueckenschlaege-nach-langer-zeit-ein-laengst-ueberfaelliges-wiedersehen\/","title":{"rendered":"\u201eBr\u00fcckenschl\u00e4ge\u201c &#8211; Nach langer Zeit ein l\u00e4ngst \u00fcberf\u00e4lliges Wiedersehen"},"content":{"rendered":"\n<p>\u201eEigentlich haben wir gedacht, Onlinetreffen sind nicht so unser Format \u2013 aber jetzt konnten wir es nicht mehr abwarten, Sie alle endlich wiederzusehen!\u201c Mit dieser herzlichen Begr\u00fc\u00dfung durch Herrn Prof. Dr. Feeser-Lichterfeld, den Co-Leiter des Transferprojekts \u201eVersorgungsbr\u00fccken statt Versorgungsl\u00fccken\u201c, begann vergangene Woche das dritte \u201eBr\u00fcckenschl\u00e4ge\u201c-Treffen insgesamt \u2013 und zugleich das erste in digitalem Format.<\/p>\n\n\n\n<p>Da wahrscheinlich niemand damit gerechnet h\u00e4tte, dass ein pers\u00f6nliches Zusammenkommen eineinhalb Jahre lang nicht m\u00f6glich sein w\u00fcrde, wurden diese Vernetzungstreffen unterschiedlicher Pflege- und Sorgeakteur_innen aus Paderborn mit Beginn der Corona-Pandemie pausiert. Im Rahmen der ersten beiden, damals noch in Pr\u00e4senz stattfindenden Zusammenk\u00fcnfte, war urspr\u00fcnglich zu einem Snack in die Geb\u00e4ude der Katholischen Hochschule NRW (katho) eingeladen worden, um i.S.e. Working Lunchs zu einem thematischen Schwerpunkt miteinander ins Gespr\u00e4ch zu kommen.<\/p>\n\n\n\n<p>Durch den langen zeitlichen Abstand des Wiedersehens war nun besonders spannend, wie es den unterschiedlichen Personen und Institutionen w\u00e4hrend der Coronazeit ergangen ist: \u201eWir haben erlebt, wie wenig wir auf eine Pandemie vorbereitet waren \u2013 jetzt muss geschaut werden, wie wir f\u00fcr kommende Krisen gut gewappnet sind.\u201c &#8211; \u201eIn den Medien wurden die hochaltrigen Menschen in station\u00e4ren Pflegeeinrichtungen viel thematisiert \u2013 aber keiner hat an die alten Menschen gedacht, die isoliert bei sich zu Hause sa\u00dfen und nicht einmal Gemeinschaft durch andere Mitbewohner_innen hatten.\u201c &#8211; \u201eWir schauen oft, was negativ in der Krise gelaufen ist, und da gibt es auch vieles \u2013 aber es hat sich auch Gutes entwickelt.\u201c Dies sind einige O-T\u00f6ne aus dem gemeinsamen 90-min\u00fctigen Austausch.<\/p>\n\n\n\n<p>Es wurde deutlich, es geht bergauf; langsam wird res\u00fcmiert, was die Pandemie mit sich gebracht hat. Durch die unterschiedlichen Handlungsfelder, Zielgruppen und Herausforderungen gab es spannende Impulse, die den Blick auf die Coronapandemie mitunter noch einmal geweitet haben.<br>Am Ende des Treffens kam mir pers\u00f6nlich die Frage, was Corona mit Vernetzung gemacht hat: Fand weniger Austausch durch die Kontaktverbote statt und lag der Fokus allein auf der eigenen Einrichtung bzw. Institution? Oder gab es durch Corona m\u00f6glicherweise neue Netzwerkstrukturen, die es sonst nie gegeben h\u00e4tte? Wie wichtig ist Vernetzung \u2013 vor allem in Zeiten einer Pandemie?<\/p>\n\n\n\n<p>Wir werden es sehen \u2013 und hoffentlich auch davon h\u00f6ren; denn, so verabschiedete Herr Feeser-Lichterfeld die \u201eBr\u00fcckenschl\u00e4gerinnen\u201c und \u201eBr\u00fcckenschl\u00e4ger\u201c schlie\u00dflich am Ende des gemeinsamen Austauschs: \u201eVielen Dank, dass Sie hier und heute dabei waren. Egal, ob digital oder in Pr\u00e4senz: Wir freuen uns schon sehr auf unsere n\u00e4chste Begegnung mit Ihnen und bleiben in Kontakt!\u201c<\/p>\n\n\n\n<p style=\"font-size:10px\">Bild\/Quelle: <a href=\"https:\/\/unsplash.com\/photos\/bTRsbY5RLr4\">Nick Fewings<\/a> on <a href=\"https:\/\/unsplash.com\/\">Unsplash<\/a><\/p>\n","protected":false},"excerpt":{"rendered":"<p>\u201eEigentlich haben wir gedacht, Onlinetreffen sind nicht so unser Format \u2013 aber jetzt konnten wir es nicht mehr abwarten, Sie alle endlich wiederzusehen!\u201c Mit dieser herzlichen Begr\u00fc\u00dfung durch Herrn Prof. Dr. Feeser-Lichterfeld, den Co-Leiter des Transferprojekts \u201eVersorgungsbr\u00fccken statt Versorgungsl\u00fccken\u201c, begann vergangene Woche das dritte \u201eBr\u00fcckenschl\u00e4ge\u201c-Treffen insgesamt \u2013 und zugleich das&#8230;<\/p>\n","protected":false},"author":14,"featured_media":1354,"comment_status":"open","ping_status":"open","sticky":false,"template":"","format":"standard","meta":[],"categories":[8],"tags":[],"_links":{"self":[{"href":"https:\/\/www.care-lichtblicke.de\/index.php\/wp-json\/wp\/v2\/posts\/1353"}],"collection":[{"href":"https:\/\/www.care-lichtblicke.de\/index.php\/wp-json\/wp\/v2\/posts"}],"about":[{"href":"https:\/\/www.care-lichtblicke.de\/index.php\/wp-json\/wp\/v2\/types\/post"}],"author":[{"embeddable":true,"href":"https:\/\/www.care-lichtblicke.de\/index.php\/wp-json\/wp\/v2\/users\/14"}],"replies":[{"embeddable":true,"href":"https:\/\/www.care-lichtblicke.de\/index.php\/wp-json\/wp\/v2\/comments?post=1353"}],"version-history":[{"count":1,"href":"https:\/\/www.care-lichtblicke.de\/index.php\/wp-json\/wp\/v2\/posts\/1353\/revisions"}],"predecessor-version":[{"id":1357,"href":"https:\/\/www.care-lichtblicke.de\/index.php\/wp-json\/wp\/v2\/posts\/1353\/revisions\/1357"}],"wp:featuredmedia":[{"embeddable":true,"href":"https:\/\/www.care-lichtblicke.de\/index.php\/wp-json\/wp\/v2\/media\/1354"}],"wp:attachment":[{"href":"https:\/\/www.care-lichtblicke.de\/index.php\/wp-json\/wp\/v2\/media?parent=1353"}],"wp:term":[{"taxonomy":"category","embeddable":true,"href":"https:\/\/www.care-lichtblicke.de\/index.php\/wp-json\/wp\/v2\/categories?post=1353"},{"taxonomy":"post_tag","embeddable":true,"href":"https:\/\/www.care-lichtblicke.de\/index.php\/wp-json\/wp\/v2\/tags?post=1353"}],"curies":[{"name":"wp","href":"https:\/\/api.w.org\/{rel}","templated":true}]}}