{"id":1322,"date":"2021-06-08T12:07:36","date_gmt":"2021-06-08T10:07:36","guid":{"rendered":"https:\/\/www.care-lichtblicke.de\/?p=1322"},"modified":"2021-06-08T12:08:17","modified_gmt":"2021-06-08T10:08:17","slug":"petition-unterzeichnen-take-care-zur-attraktivitaet-sozialer-berufe","status":"publish","type":"post","link":"https:\/\/www.care-lichtblicke.de\/index.php\/2021\/06\/08\/petition-unterzeichnen-take-care-zur-attraktivitaet-sozialer-berufe\/","title":{"rendered":"Petition unterzeichnen: &#8220;Take care! Zur Attraktivit\u00e4t sozialer Berufe!&#8221;"},"content":{"rendered":"\n<p><strong>Deutschlandweite Aktionswoche zur Bedeutung der Sozial-, Bildungs- und Gesundheitsberufe gestartet<\/strong><\/p>\n\n\n\n<p>Vom 7. bis zum 13. Juni 2021 l\u00e4uft die Aktionswoche \u201eTake care! Zur Attraktivit\u00e4t der sozialen Berufe\u201c. Die Veranstaltungen rund um die Aktionswoche und die Plattform <a rel=\"noreferrer noopener\" href=\"http:\/\/www.takecare-aktionswoche.de\" target=\"_blank\">www.takecare-aktionswoche.de<\/a> machen die Facetten sozialer Berufe sichtbar und heben deren Bedeutung f\u00fcr das gesellschaftliche Miteinander hervor. Ein wichtiges Anliegen, denn Sozial-, Bildungs- und Gesundheitsberufe werden in ihrer wirtschaftlichen Produktivit\u00e4t und mit ihrem Beitrag f\u00fcr Demokratie und die Erm\u00f6glichung der sozialen Teilhabe leider oft marginalisiert.<\/p>\n\n\n\n<p>Daher ruft die Katholische Hochschule Nordrhein-Westfalen (katho) dazu auf, die mit der Aktionswoche verbundene <a href=\"https:\/\/takecare-aktionswoche.de\/petition\/\" target=\"_blank\" rel=\"noreferrer noopener\">Petition<\/a> zu unterst\u00fctzen. \u201eTake care!\u201c fordert unter anderem, dass die Interessen der Berufsgruppen auf allen politischen Ebenen ber\u00fccksichtigt, lebensfreundliche und gesundheitsf\u00f6rdernde Arbeitsbedingungen geschaffen und Arbeit ausk\u00f6mmlich entlohnt wird.<\/p>\n\n\n\n<p>\u201eTake care!\u201c wurde initiiert von der Diakonie Deutschland gemeinsam mit der Rektorenkonferenz der kirchlichen Hochschulen f\u00fcr angewandte Wissenschaften Deutschlands (RKHD), der auch die katho angeh\u00f6rt, und der Konferenz der Rektoren und Pr\u00e4sidenten Evangelischer Fachhochschulen (REF).<\/p>\n\n\n\n<p><strong>Zur Petition auf openpetition.de:<\/strong><\/p>\n\n\n\n<p><a rel=\"noreferrer noopener\" href=\"https:\/\/www.openpetition.de\/petition\/online\/petition-zur-aktionswoche-take-care-zur-attraktivitaet-sozialer-berufe\" target=\"_blank\">www.openpetition.de\/petition\/online\/petition-zur-aktionswoche-take-care-zur-attraktivitaet-sozialer-berufe<\/a><\/p>\n\n\n\n<p><strong>Zum Veranstaltungskalender:<\/strong><\/p>\n\n\n\n<p><a rel=\"noreferrer noopener\" href=\"https:\/\/takecare-aktionswoche.de\/aktionen-veranstaltungskalender\/\" target=\"_blank\">takecare-aktionswoche.de\/aktionen-veranstaltungskalender\/<\/a><\/p>\n\n\n\n<p style=\"font-size:10px\">Bild\/Quelle: Ev. Werk f\u00fcr Diakonie und Entwicklung e.V.<\/p>\n","protected":false},"excerpt":{"rendered":"<p>Deutschlandweite Aktionswoche zur Bedeutung der Sozial-, Bildungs- und Gesundheitsberufe gestartet Vom 7. bis zum 13. Juni 2021 l\u00e4uft die Aktionswoche \u201eTake care! Zur Attraktivit\u00e4t der sozialen Berufe\u201c. Die Veranstaltungen rund um die Aktionswoche und die Plattform www.takecare-aktionswoche.de machen die Facetten sozialer Berufe sichtbar und heben deren Bedeutung f\u00fcr das gesellschaftliche&#8230;<\/p>\n","protected":false},"author":426,"featured_media":1330,"comment_status":"open","ping_status":"open","sticky":false,"template":"","format":"standard","meta":[],"categories":[8],"tags":[],"_links":{"self":[{"href":"https:\/\/www.care-lichtblicke.de\/index.php\/wp-json\/wp\/v2\/posts\/1322"}],"collection":[{"href":"https:\/\/www.care-lichtblicke.de\/index.php\/wp-json\/wp\/v2\/posts"}],"about":[{"href":"https:\/\/www.care-lichtblicke.de\/index.php\/wp-json\/wp\/v2\/types\/post"}],"author":[{"embeddable":true,"href":"https:\/\/www.care-lichtblicke.de\/index.php\/wp-json\/wp\/v2\/users\/426"}],"replies":[{"embeddable":true,"href":"https:\/\/www.care-lichtblicke.de\/index.php\/wp-json\/wp\/v2\/comments?post=1322"}],"version-history":[{"count":4,"href":"https:\/\/www.care-lichtblicke.de\/index.php\/wp-json\/wp\/v2\/posts\/1322\/revisions"}],"predecessor-version":[{"id":1332,"href":"https:\/\/www.care-lichtblicke.de\/index.php\/wp-json\/wp\/v2\/posts\/1322\/revisions\/1332"}],"wp:featuredmedia":[{"embeddable":true,"href":"https:\/\/www.care-lichtblicke.de\/index.php\/wp-json\/wp\/v2\/media\/1330"}],"wp:attachment":[{"href":"https:\/\/www.care-lichtblicke.de\/index.php\/wp-json\/wp\/v2\/media?parent=1322"}],"wp:term":[{"taxonomy":"category","embeddable":true,"href":"https:\/\/www.care-lichtblicke.de\/index.php\/wp-json\/wp\/v2\/categories?post=1322"},{"taxonomy":"post_tag","embeddable":true,"href":"https:\/\/www.care-lichtblicke.de\/index.php\/wp-json\/wp\/v2\/tags?post=1322"}],"curies":[{"name":"wp","href":"https:\/\/api.w.org\/{rel}","templated":true}]}}