{"id":1280,"date":"2021-04-26T14:32:21","date_gmt":"2021-04-26T12:32:21","guid":{"rendered":"https:\/\/www.care-lichtblicke.de\/?p=1280"},"modified":"2021-04-27T09:11:41","modified_gmt":"2021-04-27T07:11:41","slug":"menschen-in-altenheimen-vereinsamen-und-werden-depressiv-eine-stellungnahme","status":"publish","type":"post","link":"https:\/\/www.care-lichtblicke.de\/index.php\/2021\/04\/26\/menschen-in-altenheimen-vereinsamen-und-werden-depressiv-eine-stellungnahme\/","title":{"rendered":"\u201eMenschen in Altenheimen vereinsamen und werden depressiv.\u201c &#8211; Eine Stellungnahme"},"content":{"rendered":"\n<p class=\"has-medium-font-size\">\u201eMenschen in Altenheimen vereinsamen und werden depressiv.\u201c &#8211;<\/p>\n\n\n\n<div style=\"height:20px\" aria-hidden=\"true\" class=\"wp-block-spacer\"><\/div>\n\n\n\n<p><strong>\u00c4u\u00dferungen, die wir fast t\u00e4glich in den Medien h\u00f6ren und lesen<\/strong>.<\/p>\n\n\n\n<p><strong>\u00c4u\u00dferungen, die uns w\u00fctend machen<\/strong>.<\/p>\n\n\n\n<p><strong>\u00c4u\u00dferungen, die f\u00fcr die Bewohner_innen unseres Seniorenhauses St. Anna in Arnsberg nicht zutreffen<\/strong>.<\/p>\n\n\n\n<div style=\"height:20px\" aria-hidden=\"true\" class=\"wp-block-spacer\"><\/div>\n\n\n\n<p>Seit Beginn der Corona-Pandemie gestalten die Mitarbeiter_innen des Sozialen Dienstes ein abwechslungsreiches Programm. Video-Botschaften der Angeh\u00f6rigen wurden am Muttertag letzten Jahres \u00fcber ein \u201eQwiek-Ger\u00e4t\u201c den Bewohner_innen gezeigt. Vor Weihnachten fand f\u00fcr die Bewohner_innen ein Fotoshooting statt, und die Angeh\u00f6rigen freuten sich anschlie\u00dfend \u00fcber ein eingerahmtes Bild ihrer Mutter oder ihres Vaters. Ch\u00f6re schicken Gr\u00fc\u00dfe und Menschen aus der Stadt \u00fcberraschen die Bewohner_innen zu Weihnachten und zu Ostern mit reichhaltig gef\u00fcllten Geschenkt\u00fcten. Kinderg\u00e4rten und Schulen schreiben Briefe.<\/p>\n\n\n\n<p>Angeh\u00f6rige kommen t\u00e4glich zu Besuch unter Einhaltung der vorgeschriebenen Hygienevorschriften und nutzen gutes Wetter f\u00fcr Spazierg\u00e4nge.<\/p>\n\n\n\n<p>Regelm\u00e4\u00dfig findet alle 14 Tage in jedem Wohnbereich eine Wortgottesfeier statt, dazwischen in der Woche wird der Gottesdienst \u00fcber kirchenstream.de aus der St. Anna-Kapelle in die Wohnbereiche \u00fcbertragen. Nat\u00fcrlich finden zwischendurch weitere spirituelle Angebote statt, immer dem Kirchenjahr entsprechend. Im letzten Jahr zelebrierten die Past\u00f6re des Pastoralen Raumes bei gutem Wetter die Heiligen Messen im Garten. Dank der finanziellen Unterst\u00fctzung des Erzbistums Paderborn war es uns m\u00f6glich, durch das Projekt \u201eMit Maria auf dem Weg\u201c die Advents- und Weihnachtszeit f\u00fcr die Bewohner_innen besonders zu gestalten.<\/p>\n\n\n\n<p>Zwei Seelsorgliche Begleiterinnen gestalten nicht nur die Wortgottesfeiern &#8211; sie haben die Zeit, die Sorgen und N\u00f6te der Bewohner_innen und deren Angeh\u00f6rigen in Gespr\u00e4chen aufzunehmen und ihnen zuzuh\u00f6ren. Sie begleiten Sterbende und deren Angeh\u00f6rige. In W\u00fcrde durften und d\u00fcrfen Angeh\u00f6rige vom Verstorbenen Abschied nehmen.<\/p>\n\n\n\n<p>Beatrix Fuchs, Einrichtungsleitung: &#8220;Unter Einhaltung der vorgeschriebenen Hygieneregeln, mit Umsicht und Vorsicht ist es uns bis jetzt gelungen, dass bis zum heutigen Tag kein_e Bewohner_in an Covid 19 gestorben ist. Das bedarf einer gut funktionierenden Zusammenarbeit und eines aufeinander Achtens aller Arbeitsbereiche. Besonders wichtig war und ist uns immer, die Kontakte zu Angeh\u00f6rigen st\u00e4ndig zu halten. Das war&nbsp;nicht immer Face to Face m\u00f6glich, aber eben \u00fcber das Telefon. So konnten \u00c4ngste und Sorgen der Angeh\u00f6rigen im pers\u00f6nlichen Gespr\u00e4ch genommen werden, die durch die negativen Medienberichte gesch\u00fcrt worden sind. Positive R\u00fcckmeldungen der Angeh\u00f6rigen best\u00e4tigen unsere Vorgehensweise.\u201c<\/p>\n\n\n\n<p>Dagmar Freimuth, langj\u00e4hrige Mitarbeiterin im Seniorenhaus St. Anna, jetzt im Ruhestand und weiter als seelsorgliche Begleitung in der Einrichtung t\u00e4tig: \u201eIch wei\u00df aus der langen Zeit meiner T\u00e4tigkeit im Caritas-Verband Arnsberg, wie wichtig es dem Tr\u00e4ger ist, dass sich die Menschen in unseren Einrichtungen aufgehoben f\u00fchlen. Ich sehe, wie bem\u00fcht die Mitarbeiter_innen sind, den Bewohner_innen diese schwierige Zeit so abwechslungsreich wie m\u00f6glich zu gestalten, oft \u00fcber ihre normale Arbeitszeit hinaus. So \u00fcbernehmen sie zus\u00e4tzliche Aufgaben, wie das Testen von Kollege_innen und Angeh\u00f6rigen.<\/p>\n\n\n\n<p>Die Bewohner_innen in unserer Einrichtung demonstrieren nicht gegen diese Einschr\u00e4nkungen, jammern nicht nach Urlaub, sind nicht unzufrieden, sondern signalisieren Dankbarkeit f\u00fcr jegliche Hilfe und Unterst\u00fctzung.<\/p>\n\n\n\n<p>Nat\u00fcrlich w\u00fcrden sie sich freuen, wenn das hauseigene Caf\u00e9 wieder zu Kaffee und Kuchen ge\u00f6ffnet w\u00fcrde, wenn endlich wieder Ch\u00f6re und Vereine ins Haus kommen d\u00fcrften und wir gemeinsam, Bewohner, Angeh\u00f6rige und Mitarbeitende, ein Fest feiern d\u00fcrften.\u201c<\/p>\n\n\n\n<p><strong>Caritas = N\u00e4chstenliebe.  Wir leben es &#8211; auch in einer schwierigen Zeit<\/strong>!<\/p>\n\n\n\n<div style=\"height:30px\" aria-hidden=\"true\" class=\"wp-block-spacer\"><\/div>\n\n\n\n<p>Beatrix Fuchs leitet das Seniorenhaus St. Anna in Arnsberg.<\/p>\n\n\n\n<p>Dagmar Freimuth ist dort als Seelsorgliche Begleiterin t\u00e4tig.<\/p>\n\n\n\n<p>Tr\u00e4ger der Einrichtung ist der Caritasverband Arnsberg-Sundern e.V. Beide Autorinnen sind aktiv in der verbandsinternen AG Seelsorge.<\/p>\n\n\n\n<p style=\"font-size:10px\">Bild\/Quelle: Caritasverband Arnsberg-Sundern e.V.<\/p>\n","protected":false},"excerpt":{"rendered":"<p>\u201eMenschen in Altenheimen vereinsamen und werden depressiv.\u201c &#8211; \u00c4u\u00dferungen, die wir fast t\u00e4glich in den Medien h\u00f6ren und lesen. \u00c4u\u00dferungen, die uns w\u00fctend machen. \u00c4u\u00dferungen, die f\u00fcr die Bewohner_innen unseres Seniorenhauses St. Anna in Arnsberg nicht zutreffen. Seit Beginn der Corona-Pandemie gestalten die Mitarbeiter_innen des Sozialen Dienstes ein abwechslungsreiches Programm&#8230;.<\/p>\n","protected":false},"author":424,"featured_media":1282,"comment_status":"open","ping_status":"open","sticky":false,"template":"","format":"standard","meta":[],"categories":[6],"tags":[],"_links":{"self":[{"href":"https:\/\/www.care-lichtblicke.de\/index.php\/wp-json\/wp\/v2\/posts\/1280"}],"collection":[{"href":"https:\/\/www.care-lichtblicke.de\/index.php\/wp-json\/wp\/v2\/posts"}],"about":[{"href":"https:\/\/www.care-lichtblicke.de\/index.php\/wp-json\/wp\/v2\/types\/post"}],"author":[{"embeddable":true,"href":"https:\/\/www.care-lichtblicke.de\/index.php\/wp-json\/wp\/v2\/users\/424"}],"replies":[{"embeddable":true,"href":"https:\/\/www.care-lichtblicke.de\/index.php\/wp-json\/wp\/v2\/comments?post=1280"}],"version-history":[{"count":8,"href":"https:\/\/www.care-lichtblicke.de\/index.php\/wp-json\/wp\/v2\/posts\/1280\/revisions"}],"predecessor-version":[{"id":1294,"href":"https:\/\/www.care-lichtblicke.de\/index.php\/wp-json\/wp\/v2\/posts\/1280\/revisions\/1294"}],"wp:featuredmedia":[{"embeddable":true,"href":"https:\/\/www.care-lichtblicke.de\/index.php\/wp-json\/wp\/v2\/media\/1282"}],"wp:attachment":[{"href":"https:\/\/www.care-lichtblicke.de\/index.php\/wp-json\/wp\/v2\/media?parent=1280"}],"wp:term":[{"taxonomy":"category","embeddable":true,"href":"https:\/\/www.care-lichtblicke.de\/index.php\/wp-json\/wp\/v2\/categories?post=1280"},{"taxonomy":"post_tag","embeddable":true,"href":"https:\/\/www.care-lichtblicke.de\/index.php\/wp-json\/wp\/v2\/tags?post=1280"}],"curies":[{"name":"wp","href":"https:\/\/api.w.org\/{rel}","templated":true}]}}