{"id":1091,"date":"2021-02-08T05:38:00","date_gmt":"2021-02-08T04:38:00","guid":{"rendered":"https:\/\/www.care-lichtblicke.de\/?p=1091"},"modified":"2021-02-08T05:37:09","modified_gmt":"2021-02-08T04:37:09","slug":"ich-mit-dir-soll-zeichen-setzen","status":"publish","type":"post","link":"https:\/\/www.care-lichtblicke.de\/index.php\/2021\/02\/08\/ich-mit-dir-soll-zeichen-setzen\/","title":{"rendered":"\u201eIch MIT Dir\u201c soll Zeichen setzen"},"content":{"rendered":"\n<p>Viele Menschen sind durch den weiter andauernden Lockdown in der dunklen Jahreszeit sehr allein. Es geht kaum noch jemand vor die T\u00fcr. Besuche, Freizeitaktivit\u00e4ten und Feste finden weiterhin nicht statt. Der Smalltalk mit dem Nachbarn fehlt. Auch Anrufe werden vielleicht weniger, weil gerade allen ein bisschen die Puste ausgeht.<\/p>\n\n\n\n<p>Mit der Aktion \u201eIch MIT Dir\u201c, will der Di\u00f6zesan-Caritasverband Paderborn Alt und Jung ermutigen, trotz Corona und Einhaltung des Abstands, weiterhin N\u00e4he zu zeigen. Es entstand die Idee, dass das Morsen sowohl ganz praktisch, als auch als Sinnbild genutzt werden kann, um weiterhin auf unterschiedliche Weise mit anderen in Kontakt zu treten und zu bleiben.<\/p>\n\n\n\n<p>So entstand die Homepage <a href=\"http:\/\/www.ich-mit-dir.de\">www.ich-mit-dir.de<\/a> mit Inhalten rund um das Thema \u201eMorsen\u201c und \u201ein Kontakt bleiben\u201c: Ein Videoclip zum Weitermorsen, Bastelideen, Morse-R\u00e4tseln, Geschichten und Aktionsideen wie ein Fenstertheater.<\/p>\n\n\n\n<p>Ein Aktionsflyer u.a. mit dem Morsealphabet und einer Postkarte zum Verschicken animiert, direkt aktiv zu werden und sich bei Bekannten, Verwandten oder auch Nachbarn zu melden.&nbsp; Der Flyer wurde u.a. an Altenheime, Tagespflegeeinrichtungen, die Offene soziale Altenarbeit, youngcaritas, und Caritas- und EhrenamtskoordinatorInnen verschickt, aber auch an \u00f6ffentlichen Orten ausgelegt. Au\u00dferdem kann er auf <a href=\"http:\/\/www.ich-mit-dir.de\">www.ich-mit-dir.de<\/a> heruntergeladen werden.<\/p>\n\n\n\n<p>Erste Reaktionen zeigen, dass J\u00fcngere und \u00c4ltere sich von den Ideen angesprochen f\u00fchlen. Viele merken dadurch, dass sie in dieser Coronazeit nicht allein sind.<\/p>\n\n\n\n<p>Gef\u00f6rdert wurde die Aktion \u201eIch MIT Dir\u201c durch den Weihnachtsfonds des Erzbistums Paderborn.<\/p>\n\n\n\n<div style=\"height:15px\" aria-hidden=\"true\" class=\"wp-block-spacer\"><\/div>\n\n\n\n<p>Marie-Luise Tigges (Offene soziale Altenarbeit) und Pia Winkler (Ehrenamtskoordination)<\/p>\n\n\n\n<div style=\"height:15px\" aria-hidden=\"true\" class=\"wp-block-spacer\"><\/div>\n\n\n\n<p style=\"font-size:10px\">Bild\/Quelle: Caritasverband f\u00fcr das Erzbistum Paderborn e. V.<\/p>\n","protected":false},"excerpt":{"rendered":"<p>Viele Menschen sind durch den weiter andauernden Lockdown in der dunklen Jahreszeit sehr allein. Es geht kaum noch jemand vor die T\u00fcr. Besuche, Freizeitaktivit\u00e4ten und Feste finden weiterhin nicht statt. Der Smalltalk mit dem Nachbarn fehlt. Auch Anrufe werden vielleicht weniger, weil gerade allen ein bisschen die Puste ausgeht. Mit&#8230;<\/p>\n","protected":false},"author":420,"featured_media":1103,"comment_status":"open","ping_status":"open","sticky":false,"template":"","format":"standard","meta":[],"categories":[8],"tags":[],"_links":{"self":[{"href":"https:\/\/www.care-lichtblicke.de\/index.php\/wp-json\/wp\/v2\/posts\/1091"}],"collection":[{"href":"https:\/\/www.care-lichtblicke.de\/index.php\/wp-json\/wp\/v2\/posts"}],"about":[{"href":"https:\/\/www.care-lichtblicke.de\/index.php\/wp-json\/wp\/v2\/types\/post"}],"author":[{"embeddable":true,"href":"https:\/\/www.care-lichtblicke.de\/index.php\/wp-json\/wp\/v2\/users\/420"}],"replies":[{"embeddable":true,"href":"https:\/\/www.care-lichtblicke.de\/index.php\/wp-json\/wp\/v2\/comments?post=1091"}],"version-history":[{"count":6,"href":"https:\/\/www.care-lichtblicke.de\/index.php\/wp-json\/wp\/v2\/posts\/1091\/revisions"}],"predecessor-version":[{"id":1100,"href":"https:\/\/www.care-lichtblicke.de\/index.php\/wp-json\/wp\/v2\/posts\/1091\/revisions\/1100"}],"wp:featuredmedia":[{"embeddable":true,"href":"https:\/\/www.care-lichtblicke.de\/index.php\/wp-json\/wp\/v2\/media\/1103"}],"wp:attachment":[{"href":"https:\/\/www.care-lichtblicke.de\/index.php\/wp-json\/wp\/v2\/media?parent=1091"}],"wp:term":[{"taxonomy":"category","embeddable":true,"href":"https:\/\/www.care-lichtblicke.de\/index.php\/wp-json\/wp\/v2\/categories?post=1091"},{"taxonomy":"post_tag","embeddable":true,"href":"https:\/\/www.care-lichtblicke.de\/index.php\/wp-json\/wp\/v2\/tags?post=1091"}],"curies":[{"name":"wp","href":"https:\/\/api.w.org\/{rel}","templated":true}]}}