{"id":1028,"date":"2021-01-25T13:17:38","date_gmt":"2021-01-25T12:17:38","guid":{"rendered":"https:\/\/www.care-lichtblicke.de\/?p=1028"},"modified":"2021-01-25T13:17:40","modified_gmt":"2021-01-25T12:17:40","slug":"s_innzeit-podcast-mehr-als-satt-und-sauber-welche-pflege-und-seelsorge-brauchen-menschen","status":"publish","type":"post","link":"https:\/\/www.care-lichtblicke.de\/index.php\/2021\/01\/25\/s_innzeit-podcast-mehr-als-satt-und-sauber-welche-pflege-und-seelsorge-brauchen-menschen\/","title":{"rendered":"s_innzeit-Podcast: Mehr als satt und sauber &#8211; welche Pflege und Seelsorge brauchen Menschen?"},"content":{"rendered":"\n<p><strong>Marion Riese vom Pilotprojekt \u201cVersorgungsbr\u00fccken statt Versorgungsl\u00fccken\u201c am Standort Paderborn der Katholischen Hochschule Nordrhein-Westfalen (KatHO NRW) ist zu Gast im <em>s_innzeit<\/em>-Podcast und spricht \u00fcber Seelsorge w\u00e4hrend der Corona-Pandemie, wie L\u00fccken im Versorgungssystem geschlossen werden k\u00f6nnen und was jede_r von uns tun kann.<\/strong><\/p>\n\n\n\n<p>Das Projekt &#8220;Versorgungsbr\u00fccken statt Versorgungsl\u00fccken&#8221; fokussiert versorgungsbed\u00fcrftige \u00e4ltere und alte Menschen in ihrer oft herausfordernden Lebenssituation. Nicht selten wird diese von \u201cL\u00fccken\u201c im Versorgungssystem beeinflusst, \u00a0die f\u00fcr die betroffenen Menschen schwerwiegende Folgen haben und ihre Lebensqualit\u00e4t nachhaltig beeintr\u00e4chtigen k\u00f6nnen. Das Pilotprojekt des Transfernetzwerks Soziale Innovation \u2013 s_inn hat es sich zur Aufgabe gemacht, daran mitzuwirken, diese Versorgungsl\u00fccken zu &#8220;\u00fcberbr\u00fccken&#8221; und die Netzwerkarbeit und Kooperation zwischen einzelnen Organisationen und Angeboten \u2013 mit besonderem Blick auf die Seelsorge \u2013 zu verbessern.<\/p>\n\n\n\n<p>Genau \u00fcber diese Arbeit berichtet Marion Riese, Mitarbeiterin des Pilotprojekts am Standort Paderborn, in der neuen Folge der <em>s_innzeit<\/em> am 25. Januar.<\/p>\n\n\n\n<p><em>s_innzeit<\/em> ist der Wissenschaftspodcast des Transfernetzwerks s_inn, der aktuelle und relevante Themen des Sozial- und Gesundheitswesens aufbereitet und vorstellt \u2013 und das stets mit einem passenden Gast. Vergangene Folgen haben unter anderem <em>Critical Whiteness<\/em> und Rassismus, partizipative Forschung oder die Situation der Intensivpflege w\u00e4hrend Corona thematisiert.<\/p>\n\n\n\n<p>In dieser Folge spricht Marion Riese mit Marina und Jens, den <em>s_innzeit<\/em>-Moderator_innen, \u00fcber verschiedene Aspekte ihrer aktuellen T\u00e4tigkeit. Ein Thema ist dabei die Entstehung, aber auch die Bew\u00e4ltigung von L\u00fccken in der Versorgung hochaltriger Menschen mit Unterst\u00fctzungsbedarf. Hier stehen besonders Vernetzungsprojekte innerhalb der Versorgungslandschaft im Vordergrund. Dar\u00fcber hinaus wird aber auch das Verst\u00e4ndnis von Seelsorge und ihre Bedeutung f\u00fcr die Begleitung von Menschen angesprochen. Es wird vor allem der Frage nachgegangen, was die aktuelle Corona-Pandemie f\u00fcr die seelsorgerische Arbeitet bedeutet und was wir als Zivilgesellschaft selbst dazu beitragen k\u00f6nnen, dass \u00e4ltere Menschen, die besonders von den geltenden Kontaktbeschr\u00e4nkungen betroffen sind, nicht vereinsamen. Zuletzt wird noch ein Ausblick gewagt, was die aktuelle Pr\u00e4sentwerdung dieser Thematik f\u00fcr die Zukunft bedeuten k\u00f6nnte.<\/p>\n\n\n\n<p>Alles Weitere h\u00f6rt ihr im Podcast unter <a rel=\"noreferrer noopener\" href=\"http:\/\/sinnzeit-podcast.de\/\" target=\"_blank\">http:\/\/www.sinnzeit-podcast.de\/<\/a> oder \u00fcberall, wo es Podcasts gibt.<\/p>\n\n\n\n<p><strong>Weiterf\u00fchrende Links:<\/strong><\/p>\n\n\n\n<p><a rel=\"noreferrer noopener\" href=\"https:\/\/www.s-inn.net\/podcast\" target=\"_blank\">https:\/\/www.sinnzeit-podcast.de\/<\/a> und <a rel=\"noreferrer noopener\" href=\"https:\/\/www.s-inn.net\/pilotprojekte\/versorgungsbruecken\" target=\"_blank\">https:\/\/www.s-inn.net\/pilotprojekte\/versorgungsbruecken<\/a><\/p>\n\n\n\n<p style=\"font-size:10px\">Bild\/Quelle: Transfernetzwerk Soziale Innovation &#8211; s_inn<\/p>\n","protected":false},"excerpt":{"rendered":"<p>Marion Riese vom Pilotprojekt \u201cVersorgungsbr\u00fccken statt Versorgungsl\u00fccken\u201c am Standort Paderborn der Katholischen Hochschule Nordrhein-Westfalen (KatHO NRW) ist zu Gast im s_innzeit-Podcast und spricht \u00fcber Seelsorge w\u00e4hrend der Corona-Pandemie, wie L\u00fccken im Versorgungssystem geschlossen werden k\u00f6nnen und was jede_r von uns tun kann. Das Projekt &#8220;Versorgungsbr\u00fccken statt Versorgungsl\u00fccken&#8221; fokussiert versorgungsbed\u00fcrftige \u00e4ltere&#8230;<\/p>\n","protected":false},"author":418,"featured_media":1029,"comment_status":"open","ping_status":"open","sticky":false,"template":"","format":"standard","meta":[],"categories":[8],"tags":[],"_links":{"self":[{"href":"https:\/\/www.care-lichtblicke.de\/index.php\/wp-json\/wp\/v2\/posts\/1028"}],"collection":[{"href":"https:\/\/www.care-lichtblicke.de\/index.php\/wp-json\/wp\/v2\/posts"}],"about":[{"href":"https:\/\/www.care-lichtblicke.de\/index.php\/wp-json\/wp\/v2\/types\/post"}],"author":[{"embeddable":true,"href":"https:\/\/www.care-lichtblicke.de\/index.php\/wp-json\/wp\/v2\/users\/418"}],"replies":[{"embeddable":true,"href":"https:\/\/www.care-lichtblicke.de\/index.php\/wp-json\/wp\/v2\/comments?post=1028"}],"version-history":[{"count":2,"href":"https:\/\/www.care-lichtblicke.de\/index.php\/wp-json\/wp\/v2\/posts\/1028\/revisions"}],"predecessor-version":[{"id":1036,"href":"https:\/\/www.care-lichtblicke.de\/index.php\/wp-json\/wp\/v2\/posts\/1028\/revisions\/1036"}],"wp:featuredmedia":[{"embeddable":true,"href":"https:\/\/www.care-lichtblicke.de\/index.php\/wp-json\/wp\/v2\/media\/1029"}],"wp:attachment":[{"href":"https:\/\/www.care-lichtblicke.de\/index.php\/wp-json\/wp\/v2\/media?parent=1028"}],"wp:term":[{"taxonomy":"category","embeddable":true,"href":"https:\/\/www.care-lichtblicke.de\/index.php\/wp-json\/wp\/v2\/categories?post=1028"},{"taxonomy":"post_tag","embeddable":true,"href":"https:\/\/www.care-lichtblicke.de\/index.php\/wp-json\/wp\/v2\/tags?post=1028"}],"curies":[{"name":"wp","href":"https:\/\/api.w.org\/{rel}","templated":true}]}}