{"id":1018,"date":"2021-01-22T09:32:33","date_gmt":"2021-01-22T08:32:33","guid":{"rendered":"https:\/\/www.care-lichtblicke.de\/?p=1018"},"modified":"2021-01-22T09:32:34","modified_gmt":"2021-01-22T08:32:34","slug":"die-angespannte-gesellschaft-in-der-2-corona-welle-es-kommt-in-der-krise-im-grunde-nicht-darauf-an-was-die-dinge-mit-uns-sondern-was-wir-aus-den-dingen-machen","status":"publish","type":"post","link":"https:\/\/www.care-lichtblicke.de\/index.php\/2021\/01\/22\/die-angespannte-gesellschaft-in-der-2-corona-welle-es-kommt-in-der-krise-im-grunde-nicht-darauf-an-was-die-dinge-mit-uns-sondern-was-wir-aus-den-dingen-machen\/","title":{"rendered":"Die \u201eangespannte\u201c Gesellschaft in der 2. Corona-Welle. Es kommt in der Krise im Grunde nicht darauf an, was die Dinge mit uns, sondern was wir aus den Dingen machen!"},"content":{"rendered":"\n<p>Haben wir uns nicht, zumindest im letzten Jahrzehnt, darauf verlassen, dass wir aufgrund des technologischen Fortschritts unverwundbar seien? Die aktuelle Corona-Krise macht diesem weltlichen Glauben an unsere St\u00e4rke einen fetten Strich durch die Rechnung.\u00a0<\/p>\n\n\n\n<p>Vielen von uns f\u00e4llt es sowieso schwer Schw\u00e4che einzugestehen. Und jetzt schw\u00e4chelt sogar eine gesamte Gesellschaft, rund um den Globus. Vieles von dem, was unsere technikh\u00f6rige Gesellschaft in den vergangenen Monaten erleben musste, war in unserem Zukunftsprogramm \u00fcberhaupt nicht vorgesehen. Unsere Erfolgsparameter waren doch eher rasanter Wachstum, Schnelligkeit, Beschleunigung, Optimierung (Stichwort Selbstoptimierer Gesellschaft), unbegrenzte Freiheit und vieles mehr. Und im Grunde wollten viele auch dabei sein und mitmachen. Krank machende Infektionen wie in diesem Ausma\u00df gab es aus unserer Sicht doch nur in weit entlegenen Gegenden, sehr weit von uns entfernt, oder in einem Science Fiktion Film. Nach unserer Erwartung passiert so was auch nur irgendwo auf dem Globus, wo es keine europ\u00e4ischen Qualit\u00e4tsma\u00dfst\u00e4be und Hygienestandards gibt. Und schon mal gar nicht in einer aufgekl\u00e4rten Wissensgesellschaft wie unserer.\u00a0<\/p>\n\n\n\n<p>Pl\u00f6tzlich aber, in rasanter Geschwindigkeit hat sich ein \u201ekleines\u201c Virus \u00fcber den ganzen Globus ausgebreitet und nimmt keine R\u00fccksicht auf diverse L\u00e4ndergrenzen. Dass so ein Virus die Dynamik einer technologisch mehr als hochger\u00fcsteten Gesellschaft, aber wie wir in der Krise bemerken doch nicht so ausgefeilt, rasant bremsen kann, ist eine deutliche und unerwartete Erkenntnis. Wie wir in den letzten Monaten auch feststellen konnten wurde an einigen Stellen manches sogar komplett ohne unser Zutun au\u00dfer Kraft gesetzt. Diese Erfahrung \u00fcberstieg bei vielen von uns das pers\u00f6nliche Vorstellungsverm\u00f6gen und sch\u00fcrte gro\u00dfe Sorgen.<\/p>\n\n\n\n<p>Was haben wir alle stattdessen gemeinsam in den letzten Wochen an verschiedenen Begrifflichkeiten neu kennengelernt: Lockdown, Shutup, \u00dcbersterblichkeit, FFP2 und Community-Masken, Virenlast, Inzidenzwerte, Social Distancing, Superspreader, Querdenker-Bewegung, Aluh\u00fcte, Corona-Diktatur (Mittlerweile das Unwort des Jahres 2020) u.v.m. Wir alle sind ja inzwischen auch \u201ekleine Virologen\u201c geworden und k\u00f6nnen unseren Nachbarn und Freunden die epidemiologische Lage mindestens unserer Kommune aus dem Stegreif erkl\u00e4ren&#8230; Denken wir zumindest.<\/p>\n\n\n\n<p>Die Unsicherheit im Umgang mit dieser Pandemie hat schon sehr erkennbar und deutlich den Nerv unserer Gesellschaft getroffen, die bisher eigentlich davon ausgegangen ist andere Herausforderungen zu haben, wie den Klimawandel, die Weltwirtschaft oder diverse Wahlk\u00e4mpfe in den USA oder Deutschland. Viele bedeutende Themen, sind aber stattdessen vor\u00fcbergehend an den Rand gedr\u00e4ngt worden und wurden durch das alles beherrschende Corona-Thema \u00fcberschattet.<\/p>\n\n\n\n<p>War in der Zeit vor der Pandemie eine Erkrankung eher ein individuelles Problem, haben wir es jetzt mit einer kollektiven Herausforderung zu tun auf die politisch und gesellschaftlich angemessen reagiert werden muss. In dem Zusammenhang m\u00fcssen wir auf Dauer wieder zur\u00fcckfinden zu einer gesellschaftlichen Resilienz, die es uns gemeinsam erm\u00f6glicht mit gesellschaftlichen Stressfaktoren umgehen zu k\u00f6nnen. Dies wird uns zuk\u00fcnftig dann gut gelingen, wenn wir aus der Krise auch lernen. Nicht nur (markt-)wirtschaftliche Folgen daraus schlie\u00dfen, sondern auch soziale. Dazu geh\u00f6rt weiterhin gegenseitig aufeinander R\u00fccksicht nehmen und ggf. auch auf ein St\u00fcck unserer Individualit\u00e4t und pers\u00f6nlichen Freiheit zu verzichten und das Kollektiv und Gemeinwohl stattdessen viel deutlicher in den Vordergrund zu stellen.\u00a0<\/p>\n\n\n\n<p>Deshalb ist es am Ende nicht entscheidend, was die Dinge mit uns, sondern was wir aus den Dingen machen!<\/p>\n\n\n\n<p>Bleiben Sie gesund!<\/p>\n\n\n\n<p style=\"font-size:11px\">Foto: Stockmann, privat<\/p>\n","protected":false},"excerpt":{"rendered":"<p>Haben wir uns nicht, zumindest im letzten Jahrzehnt, darauf verlassen, dass wir aufgrund des technologischen Fortschritts unverwundbar seien? Die aktuelle Corona-Krise macht diesem weltlichen Glauben an unsere St\u00e4rke einen fetten Strich durch die Rechnung.\u00a0 Vielen von uns f\u00e4llt es sowieso schwer Schw\u00e4che einzugestehen. Und jetzt schw\u00e4chelt sogar eine gesamte Gesellschaft,&#8230;<\/p>\n","protected":false},"author":22,"featured_media":1019,"comment_status":"open","ping_status":"open","sticky":false,"template":"","format":"standard","meta":[],"categories":[6],"tags":[],"_links":{"self":[{"href":"https:\/\/www.care-lichtblicke.de\/index.php\/wp-json\/wp\/v2\/posts\/1018"}],"collection":[{"href":"https:\/\/www.care-lichtblicke.de\/index.php\/wp-json\/wp\/v2\/posts"}],"about":[{"href":"https:\/\/www.care-lichtblicke.de\/index.php\/wp-json\/wp\/v2\/types\/post"}],"author":[{"embeddable":true,"href":"https:\/\/www.care-lichtblicke.de\/index.php\/wp-json\/wp\/v2\/users\/22"}],"replies":[{"embeddable":true,"href":"https:\/\/www.care-lichtblicke.de\/index.php\/wp-json\/wp\/v2\/comments?post=1018"}],"version-history":[{"count":1,"href":"https:\/\/www.care-lichtblicke.de\/index.php\/wp-json\/wp\/v2\/posts\/1018\/revisions"}],"predecessor-version":[{"id":1020,"href":"https:\/\/www.care-lichtblicke.de\/index.php\/wp-json\/wp\/v2\/posts\/1018\/revisions\/1020"}],"wp:featuredmedia":[{"embeddable":true,"href":"https:\/\/www.care-lichtblicke.de\/index.php\/wp-json\/wp\/v2\/media\/1019"}],"wp:attachment":[{"href":"https:\/\/www.care-lichtblicke.de\/index.php\/wp-json\/wp\/v2\/media?parent=1018"}],"wp:term":[{"taxonomy":"category","embeddable":true,"href":"https:\/\/www.care-lichtblicke.de\/index.php\/wp-json\/wp\/v2\/categories?post=1018"},{"taxonomy":"post_tag","embeddable":true,"href":"https:\/\/www.care-lichtblicke.de\/index.php\/wp-json\/wp\/v2\/tags?post=1018"}],"curies":[{"name":"wp","href":"https:\/\/api.w.org\/{rel}","templated":true}]}}